{"id":5150,"date":"2025-10-04T11:31:55","date_gmt":"2025-10-04T17:31:55","guid":{"rendered":"https:\/\/trabucoradio.com\/home\/?p=5150"},"modified":"2025-10-04T11:31:55","modified_gmt":"2025-10-04T17:31:55","slug":"a-un-ano-de-gobierno-mari-luz-velazquez-jimenez-refrenda-su-compromiso-y-gratitud-con-el-pueblo-de-huimanguillo","status":"publish","type":"post","link":"https:\/\/trabucoradio.com\/home\/?p=5150","title":{"rendered":"A UN A\u00d1O DE GOBIERNO, MARI LUZ VEL\u00c1ZQUEZ JIM\u00c9NEZ REFRENDA SU COMPROMISO Y GRATITUD CON EL PUEBLO DE HUIMANGUILLO"},"content":{"rendered":"<p><strong>A UN A\u00d1O DE GOBIERNO, MARI LUZ VEL\u00c1ZQUEZ JIM\u00c9NEZ REFRENDA SU COMPROMISO Y GRATITUD CON EL PUEBLO DE HUIMANGUILLO<\/strong><\/p>\n<div class=\"x14z9mp xat24cr x1lziwak x1vvkbs xtlvy1s x126k92a\">\n<div dir=\"auto\">Al cumplirse un a\u00f1o de haber asumido la responsabilidad de encabezar el Gobierno Municipal de <span class=\"html-span xdj266r x14z9mp xat24cr x1lziwak xexx8yu xyri2b x18d9i69 x1c1uobl x1hl2dhg x16tdsg8 x1vvkbs\"><a class=\"x1i10hfl xjbqb8w x1ejq31n x18oe1m7 x1sy0etr xstzfhl x972fbf x10w94by x1qhh985 x14e42zd x9f619 x1ypdohk xt0psk2 x3ct3a4 xdj266r x14z9mp xat24cr x1lziwak xexx8yu xyri2b x18d9i69 x1c1uobl x16tdsg8 x1hl2dhg xggy1nq x1a2a7pz xkrqix3 x1sur9pj x1fey0fg x1s688f\" tabindex=\"0\" role=\"link\" href=\"https:\/\/www.facebook.com\/hashtag\/huimanguillo?__cft__[0]=AZX46R89Ty6MsdUSFRQ4UguozOllbkB5LMpVHQ8QR5tHGCszLsq7QmYbnNJsIYmtEOl7RH9kjkhbBDxr3n1SI8jk01vhWJtez9Z28G_XeLd9W6y6QNFEMjiB2jZPdD8s5P2-jT4W1JD5GqeNu6r-Dr7RuXKIAoOisY2gXg-QTe4ibw&amp;__tn__=*NK-R\">#Huimanguillo<\/a><\/span>, la presidenta, <span class=\"html-span xdj266r x14z9mp xat24cr x1lziwak xexx8yu xyri2b x18d9i69 x1c1uobl x1hl2dhg x16tdsg8 x1vvkbs\"><a class=\"x1i10hfl xjbqb8w x1ejq31n x18oe1m7 x1sy0etr xstzfhl x972fbf x10w94by x1qhh985 x14e42zd x9f619 x1ypdohk xt0psk2 x3ct3a4 xdj266r x14z9mp xat24cr x1lziwak xexx8yu xyri2b x18d9i69 x1c1uobl x16tdsg8 x1hl2dhg xggy1nq x1a2a7pz xkrqix3 x1sur9pj x1fey0fg x1s688f\" tabindex=\"0\" role=\"link\" href=\"https:\/\/www.facebook.com\/MariluzVelJim?__cft__[0]=AZX46R89Ty6MsdUSFRQ4UguozOllbkB5LMpVHQ8QR5tHGCszLsq7QmYbnNJsIYmtEOl7RH9kjkhbBDxr3n1SI8jk01vhWJtez9Z28G_XeLd9W6y6QNFEMjiB2jZPdD8s5P2-jT4W1JD5GqeNu6r-Dr7RuXKIAoOisY2gXg-QTe4ibw&amp;__tn__=-]K-R\"><span class=\"xt0psk2\"><span class=\"xjp7ctv\">Mari Luz Vel\u00e1zquez Jim\u00e9nez<\/span><\/span><\/a><\/span>, expres\u00f3 su gratitud y compromiso con el pueblo, especialmente con los sectores m\u00e1s vulnerables del municipio.<\/div>\n<\/div>\n<div dir=\"auto\"><\/div>\n<div dir=\"auto\"><\/div>\n<div class=\"x14z9mp xat24cr x1lziwak x1vvkbs xtlvy1s x126k92a\">\n<div dir=\"auto\">A trav\u00e9s de un mensaje difundido en sus redes sociales, la alcaldesa destac\u00f3 que el respaldo y la confianza de la ciudadan\u00eda han sido fundamentales para superar los desaf\u00edos del primer a\u00f1o de <span class=\"html-span xdj266r x14z9mp xat24cr x1lziwak xexx8yu xyri2b x18d9i69 x1c1uobl x1hl2dhg x16tdsg8 x1vvkbs\"><a class=\"x1i10hfl xjbqb8w x1ejq31n x18oe1m7 x1sy0etr xstzfhl x972fbf x10w94by x1qhh985 x14e42zd x9f619 x1ypdohk xt0psk2 x3ct3a4 xdj266r x14z9mp xat24cr x1lziwak xexx8yu xyri2b x18d9i69 x1c1uobl x16tdsg8 x1hl2dhg xggy1nq x1a2a7pz xkrqix3 x1sur9pj x1fey0fg x1s688f\" tabindex=\"0\" role=\"link\" href=\"https:\/\/www.facebook.com\/hashtag\/gesti%C3%B3n?__cft__[0]=AZX46R89Ty6MsdUSFRQ4UguozOllbkB5LMpVHQ8QR5tHGCszLsq7QmYbnNJsIYmtEOl7RH9kjkhbBDxr3n1SI8jk01vhWJtez9Z28G_XeLd9W6y6QNFEMjiB2jZPdD8s5P2-jT4W1JD5GqeNu6r-Dr7RuXKIAoOisY2gXg-QTe4ibw&amp;__tn__=*NK-R\">#gesti\u00f3n<\/a><\/span>, en el que se han logrado avances significativos en distintos \u00e1mbitos de la administraci\u00f3n p\u00fablica.<\/div>\n<\/div>\n<div dir=\"auto\"><\/div>\n<div dir=\"auto\"><\/div>\n<div class=\"x14z9mp xat24cr x1lziwak x1vvkbs xtlvy1s x126k92a\">\n<div dir=\"auto\">Vel\u00e1zquez Jim\u00e9nez subray\u00f3 que los programas sociales impulsados con recursos propios del Ayuntamiento est\u00e1n enfocados en atender a quienes m\u00e1s lo necesitan, mediante la entrega de apoyos alimentarios para ni\u00f1as y ni\u00f1os en situaci\u00f3n de orfandad, apoyos econ\u00f3micos a personas con enfermedades terminales, uniformes y calzado <span class=\"html-span xdj266r x14z9mp xat24cr x1lziwak xexx8yu xyri2b x18d9i69 x1c1uobl x1hl2dhg x16tdsg8 x1vvkbs\"><a class=\"x1i10hfl xjbqb8w x1ejq31n x18oe1m7 x1sy0etr xstzfhl x972fbf x10w94by x1qhh985 x14e42zd x9f619 x1ypdohk xt0psk2 x3ct3a4 xdj266r x14z9mp xat24cr x1lziwak xexx8yu xyri2b x18d9i69 x1c1uobl x16tdsg8 x1hl2dhg xggy1nq x1a2a7pz xkrqix3 x1sur9pj x1fey0fg x1s688f\" tabindex=\"0\" role=\"link\" href=\"https:\/\/www.facebook.com\/hashtag\/escolar?__cft__[0]=AZX46R89Ty6MsdUSFRQ4UguozOllbkB5LMpVHQ8QR5tHGCszLsq7QmYbnNJsIYmtEOl7RH9kjkhbBDxr3n1SI8jk01vhWJtez9Z28G_XeLd9W6y6QNFEMjiB2jZPdD8s5P2-jT4W1JD5GqeNu6r-Dr7RuXKIAoOisY2gXg-QTe4ibw&amp;__tn__=*NK-R\">#escolar<\/a><\/span>, as\u00ed como despensas gratuitas para familias de escasos recursos.<\/div>\n<\/div>\n<div dir=\"auto\"><\/div>\n<div dir=\"auto\"><\/div>\n<div class=\"x14z9mp xat24cr x1lziwak x1vvkbs xtlvy1s x126k92a\">\n<div dir=\"auto\">Tambi\u00e9n destaca el respaldo a los sectores productivos, como ganaderos y productores de lim\u00f3n, mediante la entrega de taras y forraje durante la temporada de estiaje. Asimismo, se ha apoyado a peque\u00f1os comerciantes con la entrega gratuita de molinos el\u00e9ctricos y triciclos, entre otros incentivos que fortalecen la econom\u00eda local.<\/div>\n<\/div>\n<div dir=\"auto\"><\/div>\n<div dir=\"auto\"><\/div>\n<div class=\"x14z9mp xat24cr x1lziwak x1vvkbs xtlvy1s x126k92a\">\n<div dir=\"auto\">Finalmente, reafirm\u00f3 su compromiso de continuar trabajando con entrega, dedicaci\u00f3n y cercan\u00eda, poniendo el coraz\u00f3n y el esfuerzo en cada acci\u00f3n de gobierno para construir un mejor futuro para todas las familias de Huimanguillo.<\/div>\n<\/div>\n","protected":false},"excerpt":{"rendered":"<p>A UN A\u00d1O DE GOBIERNO, MARI LUZ VEL\u00c1ZQUEZ JIM\u00c9NEZ REFRENDA SU COMPROMISO Y GRATITUD CON EL PUEBLO DE HUIMANGUILLO Al cumplirse un a\u00f1o de haber asumido la responsabilidad de encabezar el Gobierno Municipal de #Huimanguillo, la presidenta, Mari Luz Vel\u00e1zquez Jim\u00e9nez, expres\u00f3 su gratitud y compromiso con el pueblo, especialmente con los sectores m\u00e1s vulnerables [&hellip;]<\/p>\n","protected":false},"author":1,"featured_media":5151,"comment_status":"open","ping_status":"open","sticky":false,"template":"","format":"standard","meta":{"footnotes":""},"categories":[4,3],"tags":[],"class_list":["post-5150","post","type-post","status-publish","format-standard","has-post-thumbnail","hentry","category-noticias","category-politica"],"_links":{"self":[{"href":"https:\/\/trabucoradio.com\/home\/index.php?rest_route=\/wp\/v2\/posts\/5150","targetHints":{"allow":["GET"]}}],"collection":[{"href":"https:\/\/trabucoradio.com\/home\/index.php?rest_route=\/wp\/v2\/posts"}],"about":[{"href":"https:\/\/trabucoradio.com\/home\/index.php?rest_route=\/wp\/v2\/types\/post"}],"author":[{"embeddable":true,"href":"https:\/\/trabucoradio.com\/home\/index.php?rest_route=\/wp\/v2\/users\/1"}],"replies":[{"embeddable":true,"href":"https:\/\/trabucoradio.com\/home\/index.php?rest_route=%2Fwp%2Fv2%2Fcomments&post=5150"}],"version-history":[{"count":1,"href":"https:\/\/trabucoradio.com\/home\/index.php?rest_route=\/wp\/v2\/posts\/5150\/revisions"}],"predecessor-version":[{"id":5152,"href":"https:\/\/trabucoradio.com\/home\/index.php?rest_route=\/wp\/v2\/posts\/5150\/revisions\/5152"}],"wp:featuredmedia":[{"embeddable":true,"href":"https:\/\/trabucoradio.com\/home\/index.php?rest_route=\/wp\/v2\/media\/5151"}],"wp:attachment":[{"href":"https:\/\/trabucoradio.com\/home\/index.php?rest_route=%2Fwp%2Fv2%2Fmedia&parent=5150"}],"wp:term":[{"taxonomy":"category","embeddable":true,"href":"https:\/\/trabucoradio.com\/home\/index.php?rest_route=%2Fwp%2Fv2%2Fcategories&post=5150"},{"taxonomy":"post_tag","embeddable":true,"href":"https:\/\/trabucoradio.com\/home\/index.php?rest_route=%2Fwp%2Fv2%2Ftags&post=5150"}],"curies":[{"name":"wp","href":"https:\/\/api.w.org\/{rel}","templated":true}]}}