{"id":5147,"date":"2025-10-04T11:28:10","date_gmt":"2025-10-04T17:28:10","guid":{"rendered":"https:\/\/trabucoradio.com\/home\/?p=5147"},"modified":"2025-10-04T11:28:10","modified_gmt":"2025-10-04T17:28:10","slug":"detienen-a-nelson-operador-del-grupo-venezolano-tren-de-aragua","status":"publish","type":"post","link":"https:\/\/trabucoradio.com\/home\/?p=5147","title":{"rendered":"DETIENEN A &#8216;NELSON&#8217;, OPERADOR DEL GRUPO VENEZOLANO TREN DE ARAGUA"},"content":{"rendered":"<p><strong>DETIENEN A &#8216;NELSON&#8217;, OPERADOR DEL GRUPO VENEZOLANO TREN DE ARAGUA<\/strong><\/p>\n<p>El secretario de Seguridad y Protecci\u00f3n Ciudadana de M\u00e9xico,\u00a0Omar Garc\u00eda Harfuch\u00a0inform\u00f3 de la detenci\u00f3n de\u00a0<strong>Nelson Arturo \u201cN\u201d,\u00a0<\/strong>alias \u201cNelson\u201d,\u00a0<strong>operador del\u00a0Tren de Aragua.<\/strong><\/p>\n<p>Detall\u00f3 que tras trabajos de investigaci\u00f3n se logr\u00f3 la captura del operador de dicha organizaci\u00f3n criminal en la Ciudad de M\u00e9xico,<strong>\u00a0junto a dos personas m\u00e1s, quienes ser\u00edan sus colaboradores directos.<\/strong><\/p>\n<p>Los detenidos cuentan con una orden de aprehensi\u00f3n por el delito de\u00a0trata de personas\u00a0y delincuencia organizada, adem\u00e1s de venta de narc\u00f3ticos, homicidio,<\/p>\n<p>A Nelson Arturo &#8216;N&#8217; se le vincula como\u00a0<strong>autor intelectual y material de diversos feminicidios, secuestro y extorsi\u00f3n, con zona de operaci\u00f3n en Puebla, Morelos, Estado de M\u00e9xico y diversas alcald\u00edas de la Ciudad de M\u00e9xico.<\/strong><\/p>\n","protected":false},"excerpt":{"rendered":"<p>DETIENEN A &#8216;NELSON&#8217;, OPERADOR DEL GRUPO VENEZOLANO TREN DE ARAGUA El secretario de Seguridad y Protecci\u00f3n Ciudadana de M\u00e9xico,\u00a0Omar Garc\u00eda Harfuch\u00a0inform\u00f3 de la detenci\u00f3n de\u00a0Nelson Arturo \u201cN\u201d,\u00a0alias \u201cNelson\u201d,\u00a0operador del\u00a0Tren de Aragua. Detall\u00f3 que tras trabajos de investigaci\u00f3n se logr\u00f3 la captura del operador de dicha organizaci\u00f3n criminal en la Ciudad de M\u00e9xico,\u00a0junto a dos personas [&hellip;]<\/p>\n","protected":false},"author":1,"featured_media":5148,"comment_status":"open","ping_status":"open","sticky":false,"template":"","format":"standard","meta":{"footnotes":""},"categories":[4],"tags":[],"class_list":["post-5147","post","type-post","status-publish","format-standard","has-post-thumbnail","hentry","category-noticias"],"_links":{"self":[{"href":"https:\/\/trabucoradio.com\/home\/index.php?rest_route=\/wp\/v2\/posts\/5147","targetHints":{"allow":["GET"]}}],"collection":[{"href":"https:\/\/trabucoradio.com\/home\/index.php?rest_route=\/wp\/v2\/posts"}],"about":[{"href":"https:\/\/trabucoradio.com\/home\/index.php?rest_route=\/wp\/v2\/types\/post"}],"author":[{"embeddable":true,"href":"https:\/\/trabucoradio.com\/home\/index.php?rest_route=\/wp\/v2\/users\/1"}],"replies":[{"embeddable":true,"href":"https:\/\/trabucoradio.com\/home\/index.php?rest_route=%2Fwp%2Fv2%2Fcomments&post=5147"}],"version-history":[{"count":1,"href":"https:\/\/trabucoradio.com\/home\/index.php?rest_route=\/wp\/v2\/posts\/5147\/revisions"}],"predecessor-version":[{"id":5149,"href":"https:\/\/trabucoradio.com\/home\/index.php?rest_route=\/wp\/v2\/posts\/5147\/revisions\/5149"}],"wp:featuredmedia":[{"embeddable":true,"href":"https:\/\/trabucoradio.com\/home\/index.php?rest_route=\/wp\/v2\/media\/5148"}],"wp:attachment":[{"href":"https:\/\/trabucoradio.com\/home\/index.php?rest_route=%2Fwp%2Fv2%2Fmedia&parent=5147"}],"wp:term":[{"taxonomy":"category","embeddable":true,"href":"https:\/\/trabucoradio.com\/home\/index.php?rest_route=%2Fwp%2Fv2%2Fcategories&post=5147"},{"taxonomy":"post_tag","embeddable":true,"href":"https:\/\/trabucoradio.com\/home\/index.php?rest_route=%2Fwp%2Fv2%2Ftags&post=5147"}],"curies":[{"name":"wp","href":"https:\/\/api.w.org\/{rel}","templated":true}]}}