{"id":5140,"date":"2025-10-04T11:23:34","date_gmt":"2025-10-04T17:23:34","guid":{"rendered":"https:\/\/trabucoradio.com\/home\/?p=5140"},"modified":"2025-10-04T11:23:34","modified_gmt":"2025-10-04T17:23:34","slug":"diputado-de-morena-propone-sancionar-a-quienes-hagan-memes-o-stickers-sin-consentimiento","status":"publish","type":"post","link":"https:\/\/trabucoradio.com\/home\/?p=5140","title":{"rendered":"DIPUTADO DE MORENA PROPONE SANCIONAR A QUIENES HAGAN MEMES O STICKERS SIN CONSENTIMIENTO"},"content":{"rendered":"<p><strong>DIPUTADO DE MORENA PROPONE SANCIONAR A QUIENES HAGAN MEMES O STICKERS SIN CONSENTIMIENTO<\/strong><\/p>\n<p>El diputado de Morena,\u00a0<strong>Armando Corona Arvizu\u00a0present\u00f3 una iniciativa para adicionar art\u00edculos al\u00a0C\u00f3digo Penal Federal\u00a0que sancionen hasta con seis a\u00f1os de\u00a0prisi\u00f3n\u00a0la creaci\u00f3n y difusi\u00f3n no autorizada\u00a0<\/strong>de im\u00e1genes, v\u00eddeos, audios o representaciones digitales,\u00a0<strong>-entre ellos\u00a0memes\u00a0y stickers-,<\/strong>\u00a0generados con tecnolog\u00edas de edici\u00f3n o\u00a0Inteligencia Artificial\u00a0(IA) que vulneren la\u00a0identidad\u00a0e imagen personal.<\/p>\n<p>Seg\u00fan la iniciativa presentada el 23 de septiembre pasado,\u00a0<strong>el legislador argument\u00f3 que la creaci\u00f3n de stickers, memes y contenidos generados con inteligencia artificial, cuando se realizan sin consentimiento, representan una forma moderna de\u00a0violencia\u00a0que no se debe normalizar ni permitir.<\/strong><\/p>\n<p>En el documento se puede leer:\u00a0<strong>&#8216;Cada imagen manipulada, cada audio falseado y cada meme difundido sin autorizaci\u00f3n atenta directamente contra la dignidad, el honor y la vida privada de las personas.\u00a0<\/strong>M\u00e9xico no puede permanecer rezagado frente a esta realidad.\u00a0<strong>As\u00ed como en su momento la llamada \u201cLey Olimpia\u201d visibiliz\u00f3 y sancion\u00f3 la violencia digital de car\u00e1cter sexual, hoy es indispensable dar un paso m\u00e1s y proteger de manera integral la identidad digital de los ciudadanos&#8217;.<\/strong><\/p>\n<p>Se detall\u00f3 que la reforma no busca limitar la\u00a0libertad de expresi\u00f3n,<strong>\u00a0sino poner un alto al abuso, establecer un equilibrio entre el derecho a expresarse y el derecho a no ser vulnerado en la esfera personal y social.<\/strong><\/p>\n<p>Corona Arvizu, propuso adicionar los art\u00edculos\u00a0211 Bis 8\u00a0y\u00a0211 Bis 9\u00a0al C\u00f3digo Penal Federal:\u00a0<strong>&#8216;Art\u00edculo 211 bis 8.-\u00a0<\/strong>Al que por cualquier medio digital, cree, manipule, transforme, reproduzca o difunda im\u00e1genes, videos, audios o\u00a0<strong>representaciones digitales generados con tecnolog\u00edas de edici\u00f3n o inteligencia artificial, que utilicen sin consentimiento la imagen, voz o identidad de una persona f\u00edsica,<\/strong>\u00a0con el prop\u00f3sito de ridiculizar, acosar, suplantar o da\u00f1ar su reputaci\u00f3n o dignidad,\u00a0<strong>se impondr\u00e1 de tres a seis a\u00f1os de prisi\u00f3n y de trescientos a seiscientos d\u00edas\u00a0multa&#8217;.<\/strong><\/p>\n","protected":false},"excerpt":{"rendered":"<p>DIPUTADO DE MORENA PROPONE SANCIONAR A QUIENES HAGAN MEMES O STICKERS SIN CONSENTIMIENTO El diputado de Morena,\u00a0Armando Corona Arvizu\u00a0present\u00f3 una iniciativa para adicionar art\u00edculos al\u00a0C\u00f3digo Penal Federal\u00a0que sancionen hasta con seis a\u00f1os de\u00a0prisi\u00f3n\u00a0la creaci\u00f3n y difusi\u00f3n no autorizada\u00a0de im\u00e1genes, v\u00eddeos, audios o representaciones digitales,\u00a0-entre ellos\u00a0memes\u00a0y stickers-,\u00a0generados con tecnolog\u00edas de edici\u00f3n o\u00a0Inteligencia Artificial\u00a0(IA) que vulneren la\u00a0identidad\u00a0e [&hellip;]<\/p>\n","protected":false},"author":1,"featured_media":5142,"comment_status":"open","ping_status":"open","sticky":false,"template":"","format":"standard","meta":{"footnotes":""},"categories":[4,3],"tags":[],"class_list":["post-5140","post","type-post","status-publish","format-standard","has-post-thumbnail","hentry","category-noticias","category-politica"],"_links":{"self":[{"href":"https:\/\/trabucoradio.com\/home\/index.php?rest_route=\/wp\/v2\/posts\/5140","targetHints":{"allow":["GET"]}}],"collection":[{"href":"https:\/\/trabucoradio.com\/home\/index.php?rest_route=\/wp\/v2\/posts"}],"about":[{"href":"https:\/\/trabucoradio.com\/home\/index.php?rest_route=\/wp\/v2\/types\/post"}],"author":[{"embeddable":true,"href":"https:\/\/trabucoradio.com\/home\/index.php?rest_route=\/wp\/v2\/users\/1"}],"replies":[{"embeddable":true,"href":"https:\/\/trabucoradio.com\/home\/index.php?rest_route=%2Fwp%2Fv2%2Fcomments&post=5140"}],"version-history":[{"count":1,"href":"https:\/\/trabucoradio.com\/home\/index.php?rest_route=\/wp\/v2\/posts\/5140\/revisions"}],"predecessor-version":[{"id":5143,"href":"https:\/\/trabucoradio.com\/home\/index.php?rest_route=\/wp\/v2\/posts\/5140\/revisions\/5143"}],"wp:featuredmedia":[{"embeddable":true,"href":"https:\/\/trabucoradio.com\/home\/index.php?rest_route=\/wp\/v2\/media\/5142"}],"wp:attachment":[{"href":"https:\/\/trabucoradio.com\/home\/index.php?rest_route=%2Fwp%2Fv2%2Fmedia&parent=5140"}],"wp:term":[{"taxonomy":"category","embeddable":true,"href":"https:\/\/trabucoradio.com\/home\/index.php?rest_route=%2Fwp%2Fv2%2Fcategories&post=5140"},{"taxonomy":"post_tag","embeddable":true,"href":"https:\/\/trabucoradio.com\/home\/index.php?rest_route=%2Fwp%2Fv2%2Ftags&post=5140"}],"curies":[{"name":"wp","href":"https:\/\/api.w.org\/{rel}","templated":true}]}}