{"id":5136,"date":"2025-10-04T11:19:44","date_gmt":"2025-10-04T17:19:44","guid":{"rendered":"https:\/\/trabucoradio.com\/home\/?p=5136"},"modified":"2025-10-04T11:19:44","modified_gmt":"2025-10-04T17:19:44","slug":"he-ganado-todo-con-la-ley-y-la-razon-asi-le-responde-alito-moreno-a-sheinbaum","status":"publish","type":"post","link":"https:\/\/trabucoradio.com\/home\/?p=5136","title":{"rendered":"&#8216;HE GANADO TODO CON LA LEY Y LA RAZ\u00d3N&#8217;, AS\u00cd LE RESPONDE &#8216;ALITO&#8217; MORENO A SHEINBAUM"},"content":{"rendered":"<p><strong>&#8216;HE GANADO TODO CON LA LEY Y LA RAZ\u00d3N&#8217;, AS\u00cd LE RESPONDE &#8216;ALITO&#8217; MORENO A SHEINBAUM<\/strong><\/p>\n<p><strong>Alejandro &#8216;Alito&#8217; Moreno<\/strong>, dirigente nacional del PRI, intensific\u00f3 su\u00a0confrontaci\u00f3n\u00a0con el gobierno federal y con la\u00a0gobernadora de Campeche, Layda Sansores, tras la\u00a0expropiaci\u00f3n de terrenos vinculados a su madre en esa entidad.<\/p>\n<p>El priista acus\u00f3 a la administraci\u00f3n morenista de llevar a cabo una persecuci\u00f3n\u00a0<strong>pol\u00edtica en su contra y de intentar\u00a0fabricar delitos para desprestigiarlo, al tiempo que defendi\u00f3 la legalidad de su patrimonio.<\/strong><\/p>\n<p>A trav\u00e9s de un mensaje difundido en redes sociales,\u00a0Alejandro Moreno\u00a0sostuvo que el gobierno de Morena no logra sostener sus versiones sobre los bienes familiares y afirm\u00f3 que desde hace siete a\u00f1os enfrenta de manera directa y sin temor a la actual administraci\u00f3n.<\/p>\n<p><strong>&#8216;El gobierno de\u00a0MORENA\u00a0no puede sostener ni sus propias mentiras&#8217;:<\/strong>\u00a0mienten, se contradicen y le fallan al pueblo.<\/p>\n<p><strong>&#8216;Yo llevo 7 a\u00f1os enfrentando este c\u00ednico gobierno corrupto, sin miedo y de frente. Les he ganado absolutamente todo con la ley y la raz\u00f3n&#8217;<\/strong>, se\u00f1al\u00f3.<\/p>\n<p>Adem\u00e1s, arremeti\u00f3 contra la mandataria estatal, a quien se\u00f1al\u00f3 de actuar con cinismo y de manipular el tema de las propiedades con fines pol\u00edticos.<\/p>\n<p>De acuerdo con el priista, las autoridades carecen de pruebas que lo incriminen y\u00a0<strong>buscan \u00fanicamente generar acusaciones medi\u00e1ticas. Asegur\u00f3 que continuar\u00e1 respondiendo con firmeza y se mostr\u00f3 dispuesto a acudir a instancias nacionales e internacionales<\/strong>\u00a0para denunciar lo que considera un abuso de poder por parte de la presidenta\u00a0Claudia Sheinbaum.<\/p>\n<p><strong>&#8216;Aparte de corruptos y narcopol\u00edticos, c\u00ednicos, torpes y est\u00fapidos. Aqu\u00ed la prueba&#8217;<\/strong>, indic\u00f3 el l\u00edder del PRI en su publicaci\u00f3n en redes sociales.<\/p>\n","protected":false},"excerpt":{"rendered":"<p>&#8216;HE GANADO TODO CON LA LEY Y LA RAZ\u00d3N&#8217;, AS\u00cd LE RESPONDE &#8216;ALITO&#8217; MORENO A SHEINBAUM Alejandro &#8216;Alito&#8217; Moreno, dirigente nacional del PRI, intensific\u00f3 su\u00a0confrontaci\u00f3n\u00a0con el gobierno federal y con la\u00a0gobernadora de Campeche, Layda Sansores, tras la\u00a0expropiaci\u00f3n de terrenos vinculados a su madre en esa entidad. El priista acus\u00f3 a la administraci\u00f3n morenista de llevar [&hellip;]<\/p>\n","protected":false},"author":1,"featured_media":5137,"comment_status":"open","ping_status":"open","sticky":false,"template":"","format":"standard","meta":{"footnotes":""},"categories":[3],"tags":[],"class_list":["post-5136","post","type-post","status-publish","format-standard","has-post-thumbnail","hentry","category-politica"],"_links":{"self":[{"href":"https:\/\/trabucoradio.com\/home\/index.php?rest_route=\/wp\/v2\/posts\/5136","targetHints":{"allow":["GET"]}}],"collection":[{"href":"https:\/\/trabucoradio.com\/home\/index.php?rest_route=\/wp\/v2\/posts"}],"about":[{"href":"https:\/\/trabucoradio.com\/home\/index.php?rest_route=\/wp\/v2\/types\/post"}],"author":[{"embeddable":true,"href":"https:\/\/trabucoradio.com\/home\/index.php?rest_route=\/wp\/v2\/users\/1"}],"replies":[{"embeddable":true,"href":"https:\/\/trabucoradio.com\/home\/index.php?rest_route=%2Fwp%2Fv2%2Fcomments&post=5136"}],"version-history":[{"count":1,"href":"https:\/\/trabucoradio.com\/home\/index.php?rest_route=\/wp\/v2\/posts\/5136\/revisions"}],"predecessor-version":[{"id":5138,"href":"https:\/\/trabucoradio.com\/home\/index.php?rest_route=\/wp\/v2\/posts\/5136\/revisions\/5138"}],"wp:featuredmedia":[{"embeddable":true,"href":"https:\/\/trabucoradio.com\/home\/index.php?rest_route=\/wp\/v2\/media\/5137"}],"wp:attachment":[{"href":"https:\/\/trabucoradio.com\/home\/index.php?rest_route=%2Fwp%2Fv2%2Fmedia&parent=5136"}],"wp:term":[{"taxonomy":"category","embeddable":true,"href":"https:\/\/trabucoradio.com\/home\/index.php?rest_route=%2Fwp%2Fv2%2Fcategories&post=5136"},{"taxonomy":"post_tag","embeddable":true,"href":"https:\/\/trabucoradio.com\/home\/index.php?rest_route=%2Fwp%2Fv2%2Ftags&post=5136"}],"curies":[{"name":"wp","href":"https:\/\/api.w.org\/{rel}","templated":true}]}}