{"id":465,"date":"2024-06-20T15:39:05","date_gmt":"2024-06-20T21:39:05","guid":{"rendered":"https:\/\/trabucoradio.com\/home\/?p=465"},"modified":"2024-06-20T15:39:05","modified_gmt":"2024-06-20T21:39:05","slug":"claudia-sheinbaum-anuncia-a-6-integrantes-de-su-gabinete%f0%9f%91%87","status":"publish","type":"post","link":"https:\/\/trabucoradio.com\/home\/?p=465","title":{"rendered":"CLAUDIA SHEINBAUM ANUNCIA A 6 INTEGRANTES DE SU GABINETE\ud83d\udc47"},"content":{"rendered":"<p>CLAUDIA SHEINBAUM ANUNCIA A 6 INTEGRANTES DE SU GABINETE\ud83d\udc47<\/p>\n<p>La virtual presidenta electa Claudia Sheinbaum anunci\u00f3 este jueves a los primeros seis integrantes de su gabinete, entre los que destaca Marcelo Ebrard, quien ser\u00e1 secretario de Econom\u00eda.<\/p>\n<p>Desde el Museo Interactivo de Econom\u00eda (MIDE), que se ubica en Tacuba 17, Centro Hist\u00f3rico de la Ciudad de M\u00e9xico, Claudia Sheinbaum present\u00f3 a quienes la acompa\u00f1ar\u00e1n a gobernar M\u00e9xico.<\/p>\n<p>\u2705Marcelo Luis Ebrard Casaub\u00f3n<br \/>\nSecretario de Econom\u00eda<br \/>\n\u2705Rosaura Ruiz Guti\u00e9rrez<br \/>\nSecretaria de Ciencias, Humanidades, Tecnolog\u00eda e Innovaci\u00f3n<br \/>\n\u2705Juan Ram\u00f3n de la Fuente<br \/>\nSecretario de Relaciones Exteriores (SRE)<br \/>\n\u2705Alicia B\u00e1rcena Ibarra<br \/>\nSecretaria de Medio Ambiente y Recursos Naturales<br \/>\n\u2705Julio Antonio Berdegu\u00e9 Sacrist\u00e1n<br \/>\nSecretario de Agricultura y Desarrollo Rural<br \/>\n\u2705Ernestina Godoy Ramos<br \/>\nConsejera jur\u00eddica de la presidencia <\/p>\n<p>Sheinbaum Pardo agreg\u00f3 que el pr\u00f3ximo jueves 27 de junio presentar\u00e1 a otras seis personas que conformaran parte de su gabinete.<\/p>\n<p>Este ser\u00e1n algunos de los cargos para gobernar el pa\u00eds a partir del pr\u00f3ximo 1 de octubre y por los siguientes seis a\u00f1os.<\/p>\n<p>Cabe agregar que hace unas semanas el presidente Andr\u00e9s Manuel L\u00f3pez Obrador ya hab\u00eda adelantado que la virtual presidenta electa Claudia Sheinbaum invit\u00f3 al actual secretario de Hacienda, Rogelio Ram\u00edrez de la O, a su gabinete, aunque \u00abpor un tiempo\u00bb; despu\u00e9s fue la misma morenista quien confirm\u00f3 dicha informaci\u00f3n.<\/p>\n","protected":false},"excerpt":{"rendered":"<p>CLAUDIA SHEINBAUM ANUNCIA A 6 INTEGRANTES DE SU GABINETE\ud83d\udc47 La virtual presidenta electa Claudia Sheinbaum anunci\u00f3 este jueves a los primeros seis integrantes de su gabinete, entre los que destaca Marcelo Ebrard, quien ser\u00e1 secretario de Econom\u00eda. Desde el Museo Interactivo de Econom\u00eda (MIDE), que se ubica en Tacuba 17, Centro Hist\u00f3rico de la Ciudad [&hellip;]<\/p>\n","protected":false},"author":1,"featured_media":466,"comment_status":"open","ping_status":"open","sticky":false,"template":"","format":"standard","meta":{"footnotes":""},"categories":[3],"tags":[],"class_list":["post-465","post","type-post","status-publish","format-standard","has-post-thumbnail","hentry","category-politica"],"_links":{"self":[{"href":"https:\/\/trabucoradio.com\/home\/index.php?rest_route=\/wp\/v2\/posts\/465","targetHints":{"allow":["GET"]}}],"collection":[{"href":"https:\/\/trabucoradio.com\/home\/index.php?rest_route=\/wp\/v2\/posts"}],"about":[{"href":"https:\/\/trabucoradio.com\/home\/index.php?rest_route=\/wp\/v2\/types\/post"}],"author":[{"embeddable":true,"href":"https:\/\/trabucoradio.com\/home\/index.php?rest_route=\/wp\/v2\/users\/1"}],"replies":[{"embeddable":true,"href":"https:\/\/trabucoradio.com\/home\/index.php?rest_route=%2Fwp%2Fv2%2Fcomments&post=465"}],"version-history":[{"count":1,"href":"https:\/\/trabucoradio.com\/home\/index.php?rest_route=\/wp\/v2\/posts\/465\/revisions"}],"predecessor-version":[{"id":467,"href":"https:\/\/trabucoradio.com\/home\/index.php?rest_route=\/wp\/v2\/posts\/465\/revisions\/467"}],"wp:featuredmedia":[{"embeddable":true,"href":"https:\/\/trabucoradio.com\/home\/index.php?rest_route=\/wp\/v2\/media\/466"}],"wp:attachment":[{"href":"https:\/\/trabucoradio.com\/home\/index.php?rest_route=%2Fwp%2Fv2%2Fmedia&parent=465"}],"wp:term":[{"taxonomy":"category","embeddable":true,"href":"https:\/\/trabucoradio.com\/home\/index.php?rest_route=%2Fwp%2Fv2%2Fcategories&post=465"},{"taxonomy":"post_tag","embeddable":true,"href":"https:\/\/trabucoradio.com\/home\/index.php?rest_route=%2Fwp%2Fv2%2Ftags&post=465"}],"curies":[{"name":"wp","href":"https:\/\/api.w.org\/{rel}","templated":true}]}}