{"id":462,"date":"2024-06-20T15:36:58","date_gmt":"2024-06-20T21:36:58","guid":{"rendered":"https:\/\/trabucoradio.com\/home\/?p=462"},"modified":"2024-06-20T15:36:58","modified_gmt":"2024-06-20T21:36:58","slug":"462","status":"publish","type":"post","link":"https:\/\/trabucoradio.com\/home\/?p=462","title":{"rendered":""},"content":{"rendered":"<p>ESTUDIANTES DE QFB EN C\u00c1RDENAS CREAN GEL EXFOLIANTE Y ENJUAGE BUCAL\ud83e\udd7c\ud83e\udd7c\ud83e\uddd1\u200d\ud83d\udcbb<\/p>\n<p>Esta tarde, en la cabina de Trabuco-Radio, en el espacio informativo de Trabuco Noticias, con Miguel \u00c1ngel Buitron \u00c1lvarez y Yessica Mar\u00edn Ramos, estuvieron estudiantes de la de la carrera Qu\u00edmico Farmac\u00e9utico Bi\u00f3logo de la Universidad Popular de la Chontalpa, quienes a ra\u00edz de la materia Tecnolog\u00eda Farmac\u00e9utica 1, crearon un \u201cGel exfoliante a base de nuez y aloe vera\u201d y un \u201cEnjuague bucal a base de or\u00e9gano\u201d.<\/p>\n<p>Alexander Garc\u00eda, Edith Almeida y Alejandro Casta\u00f1eda, son j\u00f3venes entusiastas que a trav\u00e9s de diferentes l\u00edneas de investigaci\u00f3n y del trabajo en equipo, lograron junto a sus dem\u00e1s compa\u00f1eros desarrollar estos productos que si bien, tienen como objetivo poner en pr\u00e1ctica sus conocimientos como futuros #QFB tambi\u00e9n fungen como una manera de emprendedurismo. <\/p>\n<p>Estos estudiantes desean construir un modelo de negocio con sus productos, por ello, de ser posible, piden ayuda a la UPCH y a diferentes organizaciones que les brinden el apoyo para poder comercializar el Gel exfoliante y el Enjuague Bucal en un futuro.<\/p>\n","protected":false},"excerpt":{"rendered":"<p>ESTUDIANTES DE QFB EN C\u00c1RDENAS CREAN GEL EXFOLIANTE Y ENJUAGE BUCAL\ud83e\udd7c\ud83e\udd7c\ud83e\uddd1\u200d\ud83d\udcbb Esta tarde, en la cabina de Trabuco-Radio, en el espacio informativo de Trabuco Noticias, con Miguel \u00c1ngel Buitron \u00c1lvarez y Yessica Mar\u00edn Ramos, estuvieron estudiantes de la de la carrera Qu\u00edmico Farmac\u00e9utico Bi\u00f3logo de la Universidad Popular de la Chontalpa, quienes a ra\u00edz de [&hellip;]<\/p>\n","protected":false},"author":1,"featured_media":463,"comment_status":"open","ping_status":"open","sticky":false,"template":"","format":"standard","meta":{"footnotes":""},"categories":[4],"tags":[],"class_list":["post-462","post","type-post","status-publish","format-standard","has-post-thumbnail","hentry","category-noticias"],"_links":{"self":[{"href":"https:\/\/trabucoradio.com\/home\/index.php?rest_route=\/wp\/v2\/posts\/462","targetHints":{"allow":["GET"]}}],"collection":[{"href":"https:\/\/trabucoradio.com\/home\/index.php?rest_route=\/wp\/v2\/posts"}],"about":[{"href":"https:\/\/trabucoradio.com\/home\/index.php?rest_route=\/wp\/v2\/types\/post"}],"author":[{"embeddable":true,"href":"https:\/\/trabucoradio.com\/home\/index.php?rest_route=\/wp\/v2\/users\/1"}],"replies":[{"embeddable":true,"href":"https:\/\/trabucoradio.com\/home\/index.php?rest_route=%2Fwp%2Fv2%2Fcomments&post=462"}],"version-history":[{"count":1,"href":"https:\/\/trabucoradio.com\/home\/index.php?rest_route=\/wp\/v2\/posts\/462\/revisions"}],"predecessor-version":[{"id":464,"href":"https:\/\/trabucoradio.com\/home\/index.php?rest_route=\/wp\/v2\/posts\/462\/revisions\/464"}],"wp:featuredmedia":[{"embeddable":true,"href":"https:\/\/trabucoradio.com\/home\/index.php?rest_route=\/wp\/v2\/media\/463"}],"wp:attachment":[{"href":"https:\/\/trabucoradio.com\/home\/index.php?rest_route=%2Fwp%2Fv2%2Fmedia&parent=462"}],"wp:term":[{"taxonomy":"category","embeddable":true,"href":"https:\/\/trabucoradio.com\/home\/index.php?rest_route=%2Fwp%2Fv2%2Fcategories&post=462"},{"taxonomy":"post_tag","embeddable":true,"href":"https:\/\/trabucoradio.com\/home\/index.php?rest_route=%2Fwp%2Fv2%2Ftags&post=462"}],"curies":[{"name":"wp","href":"https:\/\/api.w.org\/{rel}","templated":true}]}}