{"id":459,"date":"2024-06-15T12:29:38","date_gmt":"2024-06-15T18:29:38","guid":{"rendered":"https:\/\/trabucoradio.com\/home\/?p=459"},"modified":"2024-06-15T12:29:38","modified_gmt":"2024-06-15T18:29:38","slug":"sedena-lanza-convocatoria-para-el-servicio-militar-nacional-en-3-meses%f0%9f%91%87%f0%9f%91%ae%e2%99%82%ef%b8%8f%f0%9f%94%b4","status":"publish","type":"post","link":"https:\/\/trabucoradio.com\/home\/?p=459","title":{"rendered":"SEDENA LANZA CONVOCATORIA PARA EL SERVICIO MILITAR NACIONAL EN 3 MESES\ud83d\udc47\ud83d\udc6e\u200d\u2642\ufe0f\ud83d\udd34"},"content":{"rendered":"<p>SEDENA LANZA CONVOCATORIA PARA EL SERVICIO MILITAR NACIONAL EN 3 MESES\ud83d\udc47\ud83d\udc6e\u200d\u2642\ufe0f\ud83d\udd34<\/p>\n<p>La Secretar\u00eda de la Defensa Nacional (Sedena) est\u00e1 convocando a mexicanos y mexicanas para que puedan servir a M\u00e9xico y hagan su servicio militar en tan solo tres meses.<\/p>\n<p>Lo anterior lo dio  a conocer el personal de las Comandancias de la VI Regi\u00f3n Militar, 8\/a. y 48\/a. Zonas Militares con sede en Reynosa dieron a conocer esta convocatoria, invitando a todos los j\u00f3venes de Reynosa a unirse al Servicio Militar Nacional.<\/p>\n<p>Cabe resaltar que el Servicio Militar es una obligaci\u00f3n c\u00edvica que consiste en la formaci\u00f3n y entrenamiento de los ciudadanos para la defensa de su pa\u00eds.<\/p>\n<p>En M\u00e9xico, este servicio es una manera de preparar a los j\u00f3venes para responder en situaciones de emergencia o conflicto, contribuyendo a la seguridad nacional. <\/p>\n<p>El servicio militar tiene como objetivos:<br \/>\n-Defensa Nacional: Preparar a los ciudadanos para la defensa del territorio y la soberan\u00eda del pa\u00eds.<br \/>\n-Formaci\u00f3n C\u00edvica: Promover valores como la disciplina, el respeto y el amor a la patria.<br \/>\n-Respuesta a Emergencias: Capacitar a los j\u00f3venes para actuar en situaciones de desastre o crisis nacional.<\/p>\n<p>La modalidad de encuadrado consiste en un internado de tres meses, de lunes a viernes. Para poder participar, los interesados deben cumplir con los siguientes requisitos:<br \/>\n-Aprobar el examen m\u00e9dico.<br \/>\n-Tener entre 18 y 29 a\u00f1os.<br \/>\n-Presentar acta de nacimiento.<br \/>\n-Contar con la credencial del INE.<br \/>\n-Proveer CURP.<br \/>\n-Presentar comprobante de estudios (secundaria o bachillerato).<\/p>\n<p>Las autoridades de la Sedena indicaron que los beneficios para aquellos que se incorporen al Servicio Militar Nacional incluyen:<br \/>\n-Obtenci\u00f3n de la Cartilla del Servicio Militar Nacional (liberada).<br \/>\n-Alojamiento durante el periodo de servicio.<br \/>\n-Alimentaci\u00f3n completa.<br \/>\n-Uniforme proporcionado.<br \/>\n-Acceso a una bolsa de trabajo.<br \/>\n-Preferencia para causar alta en la SEDENA o la Guardia Nacional.<\/p>\n","protected":false},"excerpt":{"rendered":"<p>SEDENA LANZA CONVOCATORIA PARA EL SERVICIO MILITAR NACIONAL EN 3 MESES\ud83d\udc47\ud83d\udc6e\u200d\u2642\ufe0f\ud83d\udd34 La Secretar\u00eda de la Defensa Nacional (Sedena) est\u00e1 convocando a mexicanos y mexicanas para que puedan servir a M\u00e9xico y hagan su servicio militar en tan solo tres meses. Lo anterior lo dio a conocer el personal de las Comandancias de la VI Regi\u00f3n [&hellip;]<\/p>\n","protected":false},"author":1,"featured_media":460,"comment_status":"open","ping_status":"open","sticky":false,"template":"","format":"standard","meta":{"footnotes":""},"categories":[4],"tags":[],"class_list":["post-459","post","type-post","status-publish","format-standard","has-post-thumbnail","hentry","category-noticias"],"_links":{"self":[{"href":"https:\/\/trabucoradio.com\/home\/index.php?rest_route=\/wp\/v2\/posts\/459","targetHints":{"allow":["GET"]}}],"collection":[{"href":"https:\/\/trabucoradio.com\/home\/index.php?rest_route=\/wp\/v2\/posts"}],"about":[{"href":"https:\/\/trabucoradio.com\/home\/index.php?rest_route=\/wp\/v2\/types\/post"}],"author":[{"embeddable":true,"href":"https:\/\/trabucoradio.com\/home\/index.php?rest_route=\/wp\/v2\/users\/1"}],"replies":[{"embeddable":true,"href":"https:\/\/trabucoradio.com\/home\/index.php?rest_route=%2Fwp%2Fv2%2Fcomments&post=459"}],"version-history":[{"count":1,"href":"https:\/\/trabucoradio.com\/home\/index.php?rest_route=\/wp\/v2\/posts\/459\/revisions"}],"predecessor-version":[{"id":461,"href":"https:\/\/trabucoradio.com\/home\/index.php?rest_route=\/wp\/v2\/posts\/459\/revisions\/461"}],"wp:featuredmedia":[{"embeddable":true,"href":"https:\/\/trabucoradio.com\/home\/index.php?rest_route=\/wp\/v2\/media\/460"}],"wp:attachment":[{"href":"https:\/\/trabucoradio.com\/home\/index.php?rest_route=%2Fwp%2Fv2%2Fmedia&parent=459"}],"wp:term":[{"taxonomy":"category","embeddable":true,"href":"https:\/\/trabucoradio.com\/home\/index.php?rest_route=%2Fwp%2Fv2%2Fcategories&post=459"},{"taxonomy":"post_tag","embeddable":true,"href":"https:\/\/trabucoradio.com\/home\/index.php?rest_route=%2Fwp%2Fv2%2Ftags&post=459"}],"curies":[{"name":"wp","href":"https:\/\/api.w.org\/{rel}","templated":true}]}}