{"id":456,"date":"2024-06-15T12:16:06","date_gmt":"2024-06-15T18:16:06","guid":{"rendered":"https:\/\/trabucoradio.com\/home\/?p=456"},"modified":"2024-06-15T12:16:51","modified_gmt":"2024-06-15T18:16:51","slug":"monica-luna-organiza-en-cardenas-festival-de-fin-de-curso-academia-quees-ballet-studio","status":"publish","type":"post","link":"https:\/\/trabucoradio.com\/home\/?p=456","title":{"rendered":"MONICA LUNA ORGANIZA EN C\u00c1RDENAS FESTIVAL DE FIN DE CURSO \u00bb ACADEMIA QUEE&#8217;S BALLET STUDIO\u00bb"},"content":{"rendered":"<p>MONICA LUNA ORGANIZA EN C\u00c1RDENAS FESTIVAL DE FIN DE CURSO \u00bb ACADEMIA QUEE&#8217;S BALLET STUDIO\u00bb<\/p>\n<p>En \u00abSolo mujeres empoderadas y felices\u00bb, nos visit\u00f3 la maestra Monica Luna, directora de la Academia Queen&#8217;s Ballet studio en C\u00e1rdenas, un lugar que se ha destacado por su profesionalismo, donde ni\u00f1as y adolescentes pueden crecer a trav\u00e9s del arte.<\/p>\n<p>Monica Luna maestra de Danza Cl\u00e1sica certificada, con m\u00e1s de 13 a\u00f1os de experiencia, durante la entrevista con la conductora Johana Vidal comparti\u00f3 la noticia que en los pr\u00f3ximos d\u00edas se llevar\u00e1 a cabo el Festival de fin de ciclo de la academia, \u00abCircus, Quee&#8217;s Ballet\u00bb La magia del circo en un espect\u00e1culo de danza, donde se pondr\u00e1 en escena todo lo trabajado estos \u00faltimos meses.<\/p>\n<p>La danza es una disciplina donde se trabaja con objetivos, miedos e inseguridades, se promueven valores como el respeto, puntualidad, humildad y trabajo en equipo, el aprendizaje del ballet como disciplina a temprana edad es muy importante, agreg\u00f3 la invitada.<\/p>\n<p>Al finalizar la entrevista la maestra Monica luna invit\u00f3 a la audiencia a adquirir sus boletos para apoyar a estos talentos tabasque\u00f1os que se presentaran el pr\u00f3ximo 27 de junio en el sal\u00f3n Santa Fe ubicado en la prolongaci\u00f3n Vicente Guerrero frente a la pasteler\u00eda Monycakes, en C\u00e1rdenas, Tabasco, boletos que est\u00e1n ya disponibles comunic\u00e1ndose al 937 164 39 10 \u00a1No te lo puedes perder!<\/p>\n","protected":false},"excerpt":{"rendered":"<p>MONICA LUNA ORGANIZA EN C\u00c1RDENAS FESTIVAL DE FIN DE CURSO \u00bb ACADEMIA QUEE&#8217;S BALLET STUDIO\u00bb En \u00abSolo mujeres empoderadas y felices\u00bb, nos visit\u00f3 la maestra Monica Luna, directora de la Academia Queen&#8217;s Ballet studio en C\u00e1rdenas, un lugar que se ha destacado por su profesionalismo, donde ni\u00f1as y adolescentes pueden crecer a trav\u00e9s del arte. [&hellip;]<\/p>\n","protected":false},"author":1,"featured_media":458,"comment_status":"open","ping_status":"open","sticky":false,"template":"","format":"standard","meta":{"footnotes":""},"categories":[4],"tags":[],"class_list":["post-456","post","type-post","status-publish","format-standard","has-post-thumbnail","hentry","category-noticias"],"_links":{"self":[{"href":"https:\/\/trabucoradio.com\/home\/index.php?rest_route=\/wp\/v2\/posts\/456","targetHints":{"allow":["GET"]}}],"collection":[{"href":"https:\/\/trabucoradio.com\/home\/index.php?rest_route=\/wp\/v2\/posts"}],"about":[{"href":"https:\/\/trabucoradio.com\/home\/index.php?rest_route=\/wp\/v2\/types\/post"}],"author":[{"embeddable":true,"href":"https:\/\/trabucoradio.com\/home\/index.php?rest_route=\/wp\/v2\/users\/1"}],"replies":[{"embeddable":true,"href":"https:\/\/trabucoradio.com\/home\/index.php?rest_route=%2Fwp%2Fv2%2Fcomments&post=456"}],"version-history":[{"count":1,"href":"https:\/\/trabucoradio.com\/home\/index.php?rest_route=\/wp\/v2\/posts\/456\/revisions"}],"predecessor-version":[{"id":457,"href":"https:\/\/trabucoradio.com\/home\/index.php?rest_route=\/wp\/v2\/posts\/456\/revisions\/457"}],"wp:featuredmedia":[{"embeddable":true,"href":"https:\/\/trabucoradio.com\/home\/index.php?rest_route=\/wp\/v2\/media\/458"}],"wp:attachment":[{"href":"https:\/\/trabucoradio.com\/home\/index.php?rest_route=%2Fwp%2Fv2%2Fmedia&parent=456"}],"wp:term":[{"taxonomy":"category","embeddable":true,"href":"https:\/\/trabucoradio.com\/home\/index.php?rest_route=%2Fwp%2Fv2%2Fcategories&post=456"},{"taxonomy":"post_tag","embeddable":true,"href":"https:\/\/trabucoradio.com\/home\/index.php?rest_route=%2Fwp%2Fv2%2Ftags&post=456"}],"curies":[{"name":"wp","href":"https:\/\/api.w.org\/{rel}","templated":true}]}}