{"id":449,"date":"2024-06-13T15:06:22","date_gmt":"2024-06-13T21:06:22","guid":{"rendered":"https:\/\/trabucoradio.com\/home\/?p=449"},"modified":"2024-06-13T15:06:22","modified_gmt":"2024-06-13T21:06:22","slug":"sofia-y-maria-fernanda-cardenenses-que-representaran-mexico-en-polonia-te-necesitan%f0%9f%91%87%e2%9b%b9%ef%b8%8f%e2%99%80%ef%b8%8f%f0%9f%94%b4","status":"publish","type":"post","link":"https:\/\/trabucoradio.com\/home\/?p=449","title":{"rendered":"SOF\u00cdA Y MAR\u00cdA FERNANDA, CARDENENSES QUE REPRESENTAR\u00c1N M\u00c9XICO EN POLONIA, \u00a1TE NECESITAN!\ud83d\udc47\u26f9\ufe0f\u200d\u2640\ufe0f\ud83d\udd34"},"content":{"rendered":"<p>SOF\u00cdA Y MAR\u00cdA FERNANDA, CARDENENSES QUE REPRESENTAR\u00c1N M\u00c9XICO EN POLONIA, \u00a1TE NECESITAN!\ud83d\udc47\u26f9\ufe0f\u200d\u2640\ufe0f\ud83d\udd34<\/p>\n<p>Para cumplir su sue\u00f1o y representar a #Me\u0301xico en la Copa Europea de F\u00fatbol social F4 en Wroclaw, Polonia; las j\u00f3venes deportistas Sof\u00eda Fabi\u00e1n y Mar\u00eda Vel\u00e1zquez necesitan del apoyo del pueblo cardenense para lograrlo.<br \/>\nSi te interesa contribuir a esta acci\u00f3n con causa puedes adquirir un boleto para ganarte \u201cIndicio del Beso\u201d una obra del reconocido artista pl\u00e1stico N\u00edger Madrigal, dichos ingresos ser\u00e1n utilizados para aportar al boleto de avi\u00f3n M\u00e9xico-Polonia-M\u00e9xico, de las atletas cardenenses.  <\/p>\n<p>Desde la cabina de Trabuco-Radio, el maestro Zaragoza Cruz Morales, el artista pl\u00e1stico N\u00edger Madrigal, Sof\u00eda Fabi\u00e1n y Mar\u00eda Fernanda hicieron una extensiva invitaci\u00f3n para que la ciudadan\u00eda se solidarice y apoyo este gran proyecto. <\/p>\n<p>El costo del boleto de la rifa es de $250, lo podr\u00e1s adquirir comunic\u00e1ndote al 5548861885. El ganador se dar\u00e1 a conocer este 23 de junio a las 11 hrs a trav\u00e9s de un Live de Facebook en Fundaci\u00f3n La Pelota Que Rebota A.C.\ud83d\udc48\ud83d\udcde<br \/>\n\u00a1T\u00da PUDES AYUDAR!\ud83d\udce3\ud83d\udce3<\/p>\n","protected":false},"excerpt":{"rendered":"<p>SOF\u00cdA Y MAR\u00cdA FERNANDA, CARDENENSES QUE REPRESENTAR\u00c1N M\u00c9XICO EN POLONIA, \u00a1TE NECESITAN!\ud83d\udc47\u26f9\ufe0f\u200d\u2640\ufe0f\ud83d\udd34 Para cumplir su sue\u00f1o y representar a #Me\u0301xico en la Copa Europea de F\u00fatbol social F4 en Wroclaw, Polonia; las j\u00f3venes deportistas Sof\u00eda Fabi\u00e1n y Mar\u00eda Vel\u00e1zquez necesitan del apoyo del pueblo cardenense para lograrlo. Si te interesa contribuir a esta acci\u00f3n con [&hellip;]<\/p>\n","protected":false},"author":1,"featured_media":451,"comment_status":"open","ping_status":"open","sticky":false,"template":"","format":"standard","meta":{"footnotes":""},"categories":[4],"tags":[],"class_list":["post-449","post","type-post","status-publish","format-standard","has-post-thumbnail","hentry","category-noticias"],"_links":{"self":[{"href":"https:\/\/trabucoradio.com\/home\/index.php?rest_route=\/wp\/v2\/posts\/449","targetHints":{"allow":["GET"]}}],"collection":[{"href":"https:\/\/trabucoradio.com\/home\/index.php?rest_route=\/wp\/v2\/posts"}],"about":[{"href":"https:\/\/trabucoradio.com\/home\/index.php?rest_route=\/wp\/v2\/types\/post"}],"author":[{"embeddable":true,"href":"https:\/\/trabucoradio.com\/home\/index.php?rest_route=\/wp\/v2\/users\/1"}],"replies":[{"embeddable":true,"href":"https:\/\/trabucoradio.com\/home\/index.php?rest_route=%2Fwp%2Fv2%2Fcomments&post=449"}],"version-history":[{"count":1,"href":"https:\/\/trabucoradio.com\/home\/index.php?rest_route=\/wp\/v2\/posts\/449\/revisions"}],"predecessor-version":[{"id":452,"href":"https:\/\/trabucoradio.com\/home\/index.php?rest_route=\/wp\/v2\/posts\/449\/revisions\/452"}],"wp:featuredmedia":[{"embeddable":true,"href":"https:\/\/trabucoradio.com\/home\/index.php?rest_route=\/wp\/v2\/media\/451"}],"wp:attachment":[{"href":"https:\/\/trabucoradio.com\/home\/index.php?rest_route=%2Fwp%2Fv2%2Fmedia&parent=449"}],"wp:term":[{"taxonomy":"category","embeddable":true,"href":"https:\/\/trabucoradio.com\/home\/index.php?rest_route=%2Fwp%2Fv2%2Fcategories&post=449"},{"taxonomy":"post_tag","embeddable":true,"href":"https:\/\/trabucoradio.com\/home\/index.php?rest_route=%2Fwp%2Fv2%2Ftags&post=449"}],"curies":[{"name":"wp","href":"https:\/\/api.w.org\/{rel}","templated":true}]}}