{"id":442,"date":"2024-06-12T16:01:18","date_gmt":"2024-06-12T22:01:18","guid":{"rendered":"https:\/\/trabucoradio.com\/home\/?p=442"},"modified":"2024-06-12T16:01:18","modified_gmt":"2024-06-12T22:01:18","slug":"licencia-de-manejo-permanente-se-puede-establecer-en-todo-mexico-amlo%f0%9f%91%87","status":"publish","type":"post","link":"https:\/\/trabucoradio.com\/home\/?p=442","title":{"rendered":"LICENCIA DE MANEJO PERMANENTE SE PUEDE ESTABLECER EN TODO M\u00c9XICO: AMLO\ud83d\udc47"},"content":{"rendered":"<p>LICENCIA DE MANEJO PERMANENTE SE PUEDE ESTABLECER EN TODO M\u00c9XICO: AMLO\ud83d\udc47<\/p>\n<p>El presidente Andr\u00e9s Manuel L\u00f3pez Obrador habl\u00f3 este mi\u00e9rcoles sobre la viabilidad de establecer licencias de manejo permanentes en todo M\u00e9xico, a como lo hizo cuando fue jefe de gobierno de la Ciudad de M\u00e9xico.<\/p>\n<p> \u201cEscuch\u00e9, no s\u00e9 si fue aqu\u00ed en la ciudad, a Clara (Brugada), de que iba a entregar la licencia permanente, eso lo establecimos nosotros cuando fui jefe de gobierno y eso se puede establecer a nivel nacional (\u2026) \u201d, dijo L\u00f3pez Obrador.<\/p>\n<p>Durante la conferencia ma\u00f1era en Palacio Nacional, L\u00f3pez Obrador asegur\u00f3 que \u00e9l todav\u00eda conserva su licencia permanente para conducir pero que no pod\u00eda mostrarla porque \u201chab\u00eda olvidado su cartera\u201d.<\/p>\n<p>\u201cAntes no pod\u00eda yo salir sin mi carterita, y siempre en la bolsa izquierda (&#8230;) pero \u00faltimamente y hago mal, pero nos pasa a todos, perdemos o dejamos cosas en la ropa y se me pierde mi carterita\u201d, dijo.<\/p>\n","protected":false},"excerpt":{"rendered":"<p>LICENCIA DE MANEJO PERMANENTE SE PUEDE ESTABLECER EN TODO M\u00c9XICO: AMLO\ud83d\udc47 El presidente Andr\u00e9s Manuel L\u00f3pez Obrador habl\u00f3 este mi\u00e9rcoles sobre la viabilidad de establecer licencias de manejo permanentes en todo M\u00e9xico, a como lo hizo cuando fue jefe de gobierno de la Ciudad de M\u00e9xico. \u201cEscuch\u00e9, no s\u00e9 si fue aqu\u00ed en la ciudad, [&hellip;]<\/p>\n","protected":false},"author":1,"featured_media":443,"comment_status":"open","ping_status":"open","sticky":false,"template":"","format":"standard","meta":{"footnotes":""},"categories":[4],"tags":[],"class_list":["post-442","post","type-post","status-publish","format-standard","has-post-thumbnail","hentry","category-noticias"],"_links":{"self":[{"href":"https:\/\/trabucoradio.com\/home\/index.php?rest_route=\/wp\/v2\/posts\/442","targetHints":{"allow":["GET"]}}],"collection":[{"href":"https:\/\/trabucoradio.com\/home\/index.php?rest_route=\/wp\/v2\/posts"}],"about":[{"href":"https:\/\/trabucoradio.com\/home\/index.php?rest_route=\/wp\/v2\/types\/post"}],"author":[{"embeddable":true,"href":"https:\/\/trabucoradio.com\/home\/index.php?rest_route=\/wp\/v2\/users\/1"}],"replies":[{"embeddable":true,"href":"https:\/\/trabucoradio.com\/home\/index.php?rest_route=%2Fwp%2Fv2%2Fcomments&post=442"}],"version-history":[{"count":1,"href":"https:\/\/trabucoradio.com\/home\/index.php?rest_route=\/wp\/v2\/posts\/442\/revisions"}],"predecessor-version":[{"id":444,"href":"https:\/\/trabucoradio.com\/home\/index.php?rest_route=\/wp\/v2\/posts\/442\/revisions\/444"}],"wp:featuredmedia":[{"embeddable":true,"href":"https:\/\/trabucoradio.com\/home\/index.php?rest_route=\/wp\/v2\/media\/443"}],"wp:attachment":[{"href":"https:\/\/trabucoradio.com\/home\/index.php?rest_route=%2Fwp%2Fv2%2Fmedia&parent=442"}],"wp:term":[{"taxonomy":"category","embeddable":true,"href":"https:\/\/trabucoradio.com\/home\/index.php?rest_route=%2Fwp%2Fv2%2Fcategories&post=442"},{"taxonomy":"post_tag","embeddable":true,"href":"https:\/\/trabucoradio.com\/home\/index.php?rest_route=%2Fwp%2Fv2%2Ftags&post=442"}],"curies":[{"name":"wp","href":"https:\/\/api.w.org\/{rel}","templated":true}]}}