{"id":4016,"date":"2025-07-25T13:00:59","date_gmt":"2025-07-25T19:00:59","guid":{"rendered":"https:\/\/trabucoradio.com\/home\/?p=4016"},"modified":"2025-07-25T13:00:59","modified_gmt":"2025-07-25T19:00:59","slug":"mexico-promete-que-va-a-pacificar-sinaloa-a-un-ano-de-la-detencion-del-mayo-zambada","status":"publish","type":"post","link":"https:\/\/trabucoradio.com\/home\/?p=4016","title":{"rendered":"M\u00c9XICO PROMETE QUE VA A PACIFICAR SINALOA, A UN A\u00d1O DE LA DETENCI\u00d3N DEL \u00abMAYO\u00bb ZAMBADA"},"content":{"rendered":"<p>M\u00c9XICO PROMETE QUE VA A PACIFICAR SINALOA, A UN A\u00d1O DE LA DETENCI\u00d3N DEL \u00abMAYO\u00bb ZAMBADA<\/p>\n<p>&nbsp;<\/p>\n<p>&nbsp;<\/p>\n<p>La presidenta de M\u00e9xico,\u00a0Claudia Sheinbaum, asegur\u00f3 este viernes que va a\u00a0pacificar Sinaloa, que desde hace un a\u00f1o afronta una escalada de violencia por la pugna interna del Cartel de Sinaloa, tras la detenci\u00f3n el a\u00f1o pasado en Estados Unidos de Ismael &#8216;el Mayo\u2019 Zambada, cofundador de la organizaci\u00f3n delictiva.<\/p>\n<p>&nbsp;<\/p>\n<p>\u201cEstamos trabajando y vamos a pacificar Sinaloa, eso va a ser as\u00ed\u201d, apunt\u00f3 la mandataria durante su conferencia de prensa matutina.<\/p>\n<p>&nbsp;<\/p>\n<p>A un a\u00f1o de la detenci\u00f3n de Zambada, la gobernante mexicana confirm\u00f3 que se trabaja para lograr la paz en Sinaloa, lugar donde desde septiembre de 2024 se inici\u00f3 una pugna entre Los Chapitos y Los Mayos, cuyo enfrentamiento ha dejado m\u00e1s de 1.500 muertos.<\/p>\n<p>&nbsp;<\/p>\n<p>Sheinbaum\u00a0acus\u00f3 a Estados Unidos de provocar la violencia\u00a0en dicho estado, tras la \u201cintervenci\u00f3n\u201d en su momento de agencias o instituciones en el arresto de Zambada.<\/p>\n<p>&nbsp;<\/p>\n<p>Las detenciones de Ismael \u2018Mayo\u2019 Zambada y Joaqu\u00edn Guzm\u00e1n L\u00f3pez, ambos l\u00edderes del Cartel de Sinaloa, ocurrieron el 25 de julio de 2025, despu\u00e9s de que aterrizaran en un aeropuerto de Nuevo M\u00e9xico, en los Estados Unidos.<\/p>\n","protected":false},"excerpt":{"rendered":"<p>M\u00c9XICO PROMETE QUE VA A PACIFICAR SINALOA, A UN A\u00d1O DE LA DETENCI\u00d3N DEL \u00abMAYO\u00bb ZAMBADA &nbsp; &nbsp; La presidenta de M\u00e9xico,\u00a0Claudia Sheinbaum, asegur\u00f3 este viernes que va a\u00a0pacificar Sinaloa, que desde hace un a\u00f1o afronta una escalada de violencia por la pugna interna del Cartel de Sinaloa, tras la detenci\u00f3n el a\u00f1o pasado en [&hellip;]<\/p>\n","protected":false},"author":1,"featured_media":4017,"comment_status":"open","ping_status":"open","sticky":false,"template":"","format":"standard","meta":{"footnotes":""},"categories":[4],"tags":[],"class_list":["post-4016","post","type-post","status-publish","format-standard","has-post-thumbnail","hentry","category-noticias"],"_links":{"self":[{"href":"https:\/\/trabucoradio.com\/home\/index.php?rest_route=\/wp\/v2\/posts\/4016","targetHints":{"allow":["GET"]}}],"collection":[{"href":"https:\/\/trabucoradio.com\/home\/index.php?rest_route=\/wp\/v2\/posts"}],"about":[{"href":"https:\/\/trabucoradio.com\/home\/index.php?rest_route=\/wp\/v2\/types\/post"}],"author":[{"embeddable":true,"href":"https:\/\/trabucoradio.com\/home\/index.php?rest_route=\/wp\/v2\/users\/1"}],"replies":[{"embeddable":true,"href":"https:\/\/trabucoradio.com\/home\/index.php?rest_route=%2Fwp%2Fv2%2Fcomments&post=4016"}],"version-history":[{"count":1,"href":"https:\/\/trabucoradio.com\/home\/index.php?rest_route=\/wp\/v2\/posts\/4016\/revisions"}],"predecessor-version":[{"id":4018,"href":"https:\/\/trabucoradio.com\/home\/index.php?rest_route=\/wp\/v2\/posts\/4016\/revisions\/4018"}],"wp:featuredmedia":[{"embeddable":true,"href":"https:\/\/trabucoradio.com\/home\/index.php?rest_route=\/wp\/v2\/media\/4017"}],"wp:attachment":[{"href":"https:\/\/trabucoradio.com\/home\/index.php?rest_route=%2Fwp%2Fv2%2Fmedia&parent=4016"}],"wp:term":[{"taxonomy":"category","embeddable":true,"href":"https:\/\/trabucoradio.com\/home\/index.php?rest_route=%2Fwp%2Fv2%2Fcategories&post=4016"},{"taxonomy":"post_tag","embeddable":true,"href":"https:\/\/trabucoradio.com\/home\/index.php?rest_route=%2Fwp%2Fv2%2Ftags&post=4016"}],"curies":[{"name":"wp","href":"https:\/\/api.w.org\/{rel}","templated":true}]}}