{"id":3946,"date":"2025-07-23T15:03:03","date_gmt":"2025-07-23T21:03:03","guid":{"rendered":"https:\/\/trabucoradio.com\/home\/?p=3946"},"modified":"2025-07-23T15:03:03","modified_gmt":"2025-07-23T21:03:03","slug":"vacaciones-generan-inmigracion-laboral-infantil-a-tabasco-dif-estatal","status":"publish","type":"post","link":"https:\/\/trabucoradio.com\/home\/?p=3946","title":{"rendered":"VACACIONES GENERAN INMIGRACI\u00d3N LABORAL INFANTIL A TABASCO: DIF ESTATAL"},"content":{"rendered":"<p>VACACIONES GENERAN INMIGRACI\u00d3N LABORAL INFANTIL A TABASCO: DIF ESTATAL<\/p>\n<p>&nbsp;<\/p>\n<p>El Sistema para el Desarrollo Integral de la Familia (DIF) Tabasco ha identificado un fen\u00f3meno de migraci\u00f3n laboral infantil hacia la\u00a0entidad en temporada de vacaciones, principalmente del vecino estado de Chiapas.<\/p>\n<p>&nbsp;<\/p>\n<p>V\u00edctor de Dios G\u00f3mez, coordinador General del DIF Tabasco, se\u00f1al\u00f3 que al momento no hay un estudio concreto que defina el estado del trabajo de menores de edad.<\/p>\n<p>&nbsp;<\/p>\n<p>Por lo anterior, dijo en entrevista que se est\u00e1 integrando un diagn\u00f3stico del trabajo infantil en\u00a0Tabasco.<\/p>\n<p>&nbsp;<\/p>\n<p>De Dios G\u00f3mez apunt\u00f3 de el departamento de Defensor\u00eda del Menor est\u00e1 a la cabeza de este estudio y esperan a que se termine su elaboraci\u00f3n para exponer la informaci\u00f3n recabada.<\/p>\n","protected":false},"excerpt":{"rendered":"<p>VACACIONES GENERAN INMIGRACI\u00d3N LABORAL INFANTIL A TABASCO: DIF ESTATAL &nbsp; El Sistema para el Desarrollo Integral de la Familia (DIF) Tabasco ha identificado un fen\u00f3meno de migraci\u00f3n laboral infantil hacia la\u00a0entidad en temporada de vacaciones, principalmente del vecino estado de Chiapas. &nbsp; V\u00edctor de Dios G\u00f3mez, coordinador General del DIF Tabasco, se\u00f1al\u00f3 que al momento [&hellip;]<\/p>\n","protected":false},"author":1,"featured_media":3947,"comment_status":"open","ping_status":"open","sticky":false,"template":"","format":"standard","meta":{"footnotes":""},"categories":[4],"tags":[],"class_list":["post-3946","post","type-post","status-publish","format-standard","has-post-thumbnail","hentry","category-noticias"],"_links":{"self":[{"href":"https:\/\/trabucoradio.com\/home\/index.php?rest_route=\/wp\/v2\/posts\/3946","targetHints":{"allow":["GET"]}}],"collection":[{"href":"https:\/\/trabucoradio.com\/home\/index.php?rest_route=\/wp\/v2\/posts"}],"about":[{"href":"https:\/\/trabucoradio.com\/home\/index.php?rest_route=\/wp\/v2\/types\/post"}],"author":[{"embeddable":true,"href":"https:\/\/trabucoradio.com\/home\/index.php?rest_route=\/wp\/v2\/users\/1"}],"replies":[{"embeddable":true,"href":"https:\/\/trabucoradio.com\/home\/index.php?rest_route=%2Fwp%2Fv2%2Fcomments&post=3946"}],"version-history":[{"count":1,"href":"https:\/\/trabucoradio.com\/home\/index.php?rest_route=\/wp\/v2\/posts\/3946\/revisions"}],"predecessor-version":[{"id":3948,"href":"https:\/\/trabucoradio.com\/home\/index.php?rest_route=\/wp\/v2\/posts\/3946\/revisions\/3948"}],"wp:featuredmedia":[{"embeddable":true,"href":"https:\/\/trabucoradio.com\/home\/index.php?rest_route=\/wp\/v2\/media\/3947"}],"wp:attachment":[{"href":"https:\/\/trabucoradio.com\/home\/index.php?rest_route=%2Fwp%2Fv2%2Fmedia&parent=3946"}],"wp:term":[{"taxonomy":"category","embeddable":true,"href":"https:\/\/trabucoradio.com\/home\/index.php?rest_route=%2Fwp%2Fv2%2Fcategories&post=3946"},{"taxonomy":"post_tag","embeddable":true,"href":"https:\/\/trabucoradio.com\/home\/index.php?rest_route=%2Fwp%2Fv2%2Ftags&post=3946"}],"curies":[{"name":"wp","href":"https:\/\/api.w.org\/{rel}","templated":true}]}}