{"id":3943,"date":"2025-07-23T15:01:32","date_gmt":"2025-07-23T21:01:32","guid":{"rendered":"https:\/\/trabucoradio.com\/home\/?p=3943"},"modified":"2025-07-23T15:01:32","modified_gmt":"2025-07-23T21:01:32","slug":"confirma-parque-museo-la-venta-la-muerte-de-uno-de-sus-venados","status":"publish","type":"post","link":"https:\/\/trabucoradio.com\/home\/?p=3943","title":{"rendered":"CONFIRMA PARQUE MUSEO LA VENTA LA MUERTE DE UNO DE SUS VENADOS"},"content":{"rendered":"<p>CONFIRMA PARQUE MUSEO LA VENTA LA MUERTE DE UNO DE SUS VENADOS<\/p>\n<p>&nbsp;<\/p>\n<p>&nbsp;<\/p>\n<p>La subdirectora del\u00a0Museo La Venta, Silvia Mercedes Pedrero L\u00f3pez,\u00a0confirm\u00f3 la muerte de una venadita\u00a0en el parque el martes por la tarde. La funcionaria explic\u00f3 que el deceso se debi\u00f3 a una pelea entre animales que ocurri\u00f3 en la ma\u00f1ana del mismo d\u00eda.<\/p>\n<p>&nbsp;<\/p>\n<p>Pedrero L\u00f3pez detall\u00f3 que la v\u00edctima,\u00a0fue una venadita de corta edad, quien recibi\u00f3 un golpe en la tr\u00e1quea por parte de un venado macho. La agresi\u00f3n, que fue reportada por personal del parque, result\u00f3 en lesiones graves que derivaron en su fallecimiento horas m\u00e1s tarde.<\/p>\n<p>&nbsp;<\/p>\n<p>De acuerdo al reporte t\u00e9cnico,\u00a0la hembra present\u00f3 un traumatismo cervical severo\u00a0producido por el impacto directo de un macho (probablemente con la cornamenta), resultando en lesi\u00f3n grave de tr\u00e1quea (fractura o colapso traqueal), lo que gener\u00f3 una insuficiencia respiratoria aguda que condujo a la muerte posteriormente.<\/p>\n<p>&nbsp;<\/p>\n<p>La subdirectora\u00a0refiri\u00f3 que la situaci\u00f3n fue atendida de inmediato, pero lamentablemente la gravedad de las heridas impidi\u00f3 salvar la vida del peque\u00f1o animal.<\/p>\n","protected":false},"excerpt":{"rendered":"<p>CONFIRMA PARQUE MUSEO LA VENTA LA MUERTE DE UNO DE SUS VENADOS &nbsp; &nbsp; La subdirectora del\u00a0Museo La Venta, Silvia Mercedes Pedrero L\u00f3pez,\u00a0confirm\u00f3 la muerte de una venadita\u00a0en el parque el martes por la tarde. La funcionaria explic\u00f3 que el deceso se debi\u00f3 a una pelea entre animales que ocurri\u00f3 en la ma\u00f1ana del mismo [&hellip;]<\/p>\n","protected":false},"author":1,"featured_media":3944,"comment_status":"open","ping_status":"open","sticky":false,"template":"","format":"standard","meta":{"footnotes":""},"categories":[4],"tags":[],"class_list":["post-3943","post","type-post","status-publish","format-standard","has-post-thumbnail","hentry","category-noticias"],"_links":{"self":[{"href":"https:\/\/trabucoradio.com\/home\/index.php?rest_route=\/wp\/v2\/posts\/3943","targetHints":{"allow":["GET"]}}],"collection":[{"href":"https:\/\/trabucoradio.com\/home\/index.php?rest_route=\/wp\/v2\/posts"}],"about":[{"href":"https:\/\/trabucoradio.com\/home\/index.php?rest_route=\/wp\/v2\/types\/post"}],"author":[{"embeddable":true,"href":"https:\/\/trabucoradio.com\/home\/index.php?rest_route=\/wp\/v2\/users\/1"}],"replies":[{"embeddable":true,"href":"https:\/\/trabucoradio.com\/home\/index.php?rest_route=%2Fwp%2Fv2%2Fcomments&post=3943"}],"version-history":[{"count":1,"href":"https:\/\/trabucoradio.com\/home\/index.php?rest_route=\/wp\/v2\/posts\/3943\/revisions"}],"predecessor-version":[{"id":3945,"href":"https:\/\/trabucoradio.com\/home\/index.php?rest_route=\/wp\/v2\/posts\/3943\/revisions\/3945"}],"wp:featuredmedia":[{"embeddable":true,"href":"https:\/\/trabucoradio.com\/home\/index.php?rest_route=\/wp\/v2\/media\/3944"}],"wp:attachment":[{"href":"https:\/\/trabucoradio.com\/home\/index.php?rest_route=%2Fwp%2Fv2%2Fmedia&parent=3943"}],"wp:term":[{"taxonomy":"category","embeddable":true,"href":"https:\/\/trabucoradio.com\/home\/index.php?rest_route=%2Fwp%2Fv2%2Fcategories&post=3943"},{"taxonomy":"post_tag","embeddable":true,"href":"https:\/\/trabucoradio.com\/home\/index.php?rest_route=%2Fwp%2Fv2%2Ftags&post=3943"}],"curies":[{"name":"wp","href":"https:\/\/api.w.org\/{rel}","templated":true}]}}