{"id":3938,"date":"2025-07-22T15:06:26","date_gmt":"2025-07-22T21:06:26","guid":{"rendered":"https:\/\/trabucoradio.com\/home\/?p=3938"},"modified":"2025-07-22T15:06:38","modified_gmt":"2025-07-22T21:06:38","slug":"olo-encontraron-las-sandalias-del-nino-que-fue-devorado-por-cocodrilos-en-michoacan","status":"publish","type":"post","link":"https:\/\/trabucoradio.com\/home\/?p=3938","title":{"rendered":"SOLO ENCONTRARON LAS SANDALIAS DEL NI\u00d1O QUE FUE DEVORADO POR COCODRILOS EN MICHOAC\u00c1N"},"content":{"rendered":"<p>SOLO ENCONTRARON LAS SANDALIAS DEL NI\u00d1O QUE FUE DEVORADO POR COCODRILOS EN MICHOAC\u00c1N<\/p>\n<p>&nbsp;<\/p>\n<p>&nbsp;<\/p>\n<p>Protecci\u00f3n Civil de Michoac\u00e1n\u00a0inform\u00f3 que\u00a0concluyeron los trabajos de b\u00fasqueda del menor\u00a0que cay\u00f3 a una\u00a0laguna y fue devorado por los cocodrilos.<\/p>\n<p>&nbsp;<\/p>\n<p>Andr\u00e9s Alejandro Santana Hern\u00e1ndez,\u00a0menor de 14 a\u00f1os de edad originario de\u00a0Cortazar, Guanajuato\u00a0cay\u00f3 a una laguna llena de\u00a0cocodrilos\u00a0en la comunidad Barra de Santa Ana, en L\u00e1zaro C\u00e1rdenas,\u00a0Michoac\u00e1n, mientas vacacionaba con su familia.<\/p>\n<p>&nbsp;<\/p>\n<p>El accidente ocurri\u00f3 el viernes pasado cerca de la 1.30 de la tarde y\u00a0las labores de rescate se realizaron de inmediato, incluso elementos de polic\u00eda lanzaron disparos para intentar que el cocodrilo que hab\u00eda atrapado al ni\u00f1o soltara su cuerpo.<\/p>\n<p>&nbsp;<\/p>\n<p>A las labores de rescate\u00a0tambi\u00e9n se sum\u00f3 el\u00a0gobierno de Guanajuato\u00a0pero no tuvieron \u00e9xito, a pesar de ayudar con drones.<\/p>\n<p>Protecci\u00f3n Civil de Michoac\u00e1n\u00a0inform\u00f3 mediante sus\u00a0redes sociales\u00a0que: \u00abConcluye operativo\u00a0de b\u00fasqueda del menor desaparecido tras recorridos por tierra y agua.\u00a0Participaron\u00a0corporaciones estatales, municipales y federales.\u00a0!Exhortamos a extremar precauciones en zonas con fauna silvestre\u00bb.<\/p>\n<p>Jos\u00e9 H\u00e9ctor Hern\u00e1ndez Villalobos, director de Seguridad P\u00fablica Municipal\u00a0extern\u00f3 que \u00fanicamente\u00a0encontraron las sandalias del menor.<\/p>\n<p>\u201cLo que quieren ( familiares), para encontrar consuelo y poder llevar un duelo m\u00e1s sano, es encontrar una parte del cuerpo, ellos ya est\u00e1n conscientes. Lo \u00fanico que hemos podido sacar del cuerpo, del agua, que pertenec\u00eda al muchacho, son\u00a0sus sandalias\u201d, dijo Hern\u00e1ndez Villalobos.<\/p>\n<p>&nbsp;<\/p>\n","protected":false},"excerpt":{"rendered":"<p>SOLO ENCONTRARON LAS SANDALIAS DEL NI\u00d1O QUE FUE DEVORADO POR COCODRILOS EN MICHOAC\u00c1N &nbsp; &nbsp; Protecci\u00f3n Civil de Michoac\u00e1n\u00a0inform\u00f3 que\u00a0concluyeron los trabajos de b\u00fasqueda del menor\u00a0que cay\u00f3 a una\u00a0laguna y fue devorado por los cocodrilos. &nbsp; Andr\u00e9s Alejandro Santana Hern\u00e1ndez,\u00a0menor de 14 a\u00f1os de edad originario de\u00a0Cortazar, Guanajuato\u00a0cay\u00f3 a una laguna llena de\u00a0cocodrilos\u00a0en la comunidad [&hellip;]<\/p>\n","protected":false},"author":1,"featured_media":3939,"comment_status":"open","ping_status":"open","sticky":false,"template":"","format":"standard","meta":{"footnotes":""},"categories":[4],"tags":[],"class_list":["post-3938","post","type-post","status-publish","format-standard","has-post-thumbnail","hentry","category-noticias"],"_links":{"self":[{"href":"https:\/\/trabucoradio.com\/home\/index.php?rest_route=\/wp\/v2\/posts\/3938","targetHints":{"allow":["GET"]}}],"collection":[{"href":"https:\/\/trabucoradio.com\/home\/index.php?rest_route=\/wp\/v2\/posts"}],"about":[{"href":"https:\/\/trabucoradio.com\/home\/index.php?rest_route=\/wp\/v2\/types\/post"}],"author":[{"embeddable":true,"href":"https:\/\/trabucoradio.com\/home\/index.php?rest_route=\/wp\/v2\/users\/1"}],"replies":[{"embeddable":true,"href":"https:\/\/trabucoradio.com\/home\/index.php?rest_route=%2Fwp%2Fv2%2Fcomments&post=3938"}],"version-history":[{"count":2,"href":"https:\/\/trabucoradio.com\/home\/index.php?rest_route=\/wp\/v2\/posts\/3938\/revisions"}],"predecessor-version":[{"id":3941,"href":"https:\/\/trabucoradio.com\/home\/index.php?rest_route=\/wp\/v2\/posts\/3938\/revisions\/3941"}],"wp:featuredmedia":[{"embeddable":true,"href":"https:\/\/trabucoradio.com\/home\/index.php?rest_route=\/wp\/v2\/media\/3939"}],"wp:attachment":[{"href":"https:\/\/trabucoradio.com\/home\/index.php?rest_route=%2Fwp%2Fv2%2Fmedia&parent=3938"}],"wp:term":[{"taxonomy":"category","embeddable":true,"href":"https:\/\/trabucoradio.com\/home\/index.php?rest_route=%2Fwp%2Fv2%2Fcategories&post=3938"},{"taxonomy":"post_tag","embeddable":true,"href":"https:\/\/trabucoradio.com\/home\/index.php?rest_route=%2Fwp%2Fv2%2Ftags&post=3938"}],"curies":[{"name":"wp","href":"https:\/\/api.w.org\/{rel}","templated":true}]}}