{"id":3934,"date":"2025-07-22T14:19:05","date_gmt":"2025-07-22T20:19:05","guid":{"rendered":"https:\/\/trabucoradio.com\/home\/?p=3934"},"modified":"2025-07-22T14:19:05","modified_gmt":"2025-07-22T20:19:05","slug":"mexico-tuxpan-fuerte-accidente-deja-3-personas-muertas-a-la-altura-de-tulancingo","status":"publish","type":"post","link":"https:\/\/trabucoradio.com\/home\/?p=3934","title":{"rendered":"M\u00c9XICO-TUXPAN: FUERTE ACCIDENTE DEJA 3 PERSONAS MUERTAS A LA ALTURA DE TULANCINGO"},"content":{"rendered":"<p>M\u00c9XICO-TUXPAN: FUERTE ACCIDENTE DEJA 3 PERSONAS MUERTAS A LA ALTURA DE TULANCINGO<\/p>\n<p>&nbsp;<\/p>\n<p>&nbsp;<\/p>\n<p>Este martes 22 de julio un fuerte\u00a0accidente\u00a0sobre la\u00a0carretera M\u00e9xico-Tuxpan\u00a0dej\u00f3 un saldo de 3 personas\u00a0muertas\u00a0y otras 2\u00a0lesionadas. Este fue el reporte preliminar que se maneja hasta el momento, cuando los cuerpos de emergencia se encargan de laborar en el retiro de las unidades siniestradas y la atenci\u00f3n a las v\u00edctimas de este lamentable suceso en territorio del estado de\u00a0Hidalgo.<\/p>\n<p>En el informe detallan, fue un\u00a0choque\u00a0y una volcadura entre 2 veh\u00edculos que conduc\u00edan sobre esta\u00a0carretera\u00a0en el tramo Pitula-San Alejo, a la altura de Napateco, perteneciente al municipio\u00a0hidalguense\u00a0Tulancingo\u00a0de Bravo.<\/p>\n<p>Tras el fuerte\u00a0impacto, automovilistas que circulaban sobre la zona alertaron a los n\u00fameros de emergencia para solicitar el apoyo de elementos de seguridad y protecci\u00f3n civil. De inmediato se trasladaron al lugar del\u00a0accidente\u00a0los bomberos de\u00a0Tulancingo.<\/p>\n<p>&nbsp;<\/p>\n<p>Agentes de seguridad abanderaron la zona para controlar el flujo vial mientras param\u00e9dicos atend\u00edan a las personas lesionadas. En el primer reporte se mencionaron al menos 2 personas trasladadas al hospital. Otras 3, hombres todos,\u00a0murieron\u00a0en el lugar, por lo que fue necesario solicitar la presencia de los agentes de la Procuradur\u00eda General de Justicia en el Estado de\u00a0Hidalgo\u00a0(PGJEH).<\/p>\n<p>&nbsp;<\/p>\n<p>Muertosy lesionados<\/p>\n<p>En el informe preliminar indican las 2 personas lesionadas son una mujer y un hombre quienes fueron trasladados de emergencia a un hospital, donde reciben la atenci\u00f3n m\u00e9dica especializada. Al momento, no hay reporte sobre el estado de salud que presentan o su identidad.<\/p>\n<p>&nbsp;<\/p>\n<p>En redes sociales circula la fotograf\u00eda de la mujer a fin de identificarla y localizar a sus familiares. Seg\u00fan indicaron, ella viajaba junto con su esposo, quien lamentablemente\u00a0muri\u00f3\u00a0tras el\u00a0accidente. De acuerdo con una identificaci\u00f3n entre sus pertenencias, responde al nombre de Ana Mar\u00eda Carmona Vallejo con un domicilio en el estado de Quer\u00e9taro.<\/p>\n<p>Sobre los 3 hombres que\u00a0fallecieron, se desconoce la identidad y los cuerpos ser\u00e1n trasladados al Servicio M\u00e9dico Forense (Semefo) para realizar las pruebas de rigor y localizar a los familiares.<\/p>\n<p>&nbsp;<\/p>\n","protected":false},"excerpt":{"rendered":"<p>M\u00c9XICO-TUXPAN: FUERTE ACCIDENTE DEJA 3 PERSONAS MUERTAS A LA ALTURA DE TULANCINGO &nbsp; &nbsp; Este martes 22 de julio un fuerte\u00a0accidente\u00a0sobre la\u00a0carretera M\u00e9xico-Tuxpan\u00a0dej\u00f3 un saldo de 3 personas\u00a0muertas\u00a0y otras 2\u00a0lesionadas. Este fue el reporte preliminar que se maneja hasta el momento, cuando los cuerpos de emergencia se encargan de laborar en el retiro de las [&hellip;]<\/p>\n","protected":false},"author":1,"featured_media":3935,"comment_status":"open","ping_status":"open","sticky":false,"template":"","format":"standard","meta":{"footnotes":""},"categories":[4],"tags":[],"class_list":["post-3934","post","type-post","status-publish","format-standard","has-post-thumbnail","hentry","category-noticias"],"_links":{"self":[{"href":"https:\/\/trabucoradio.com\/home\/index.php?rest_route=\/wp\/v2\/posts\/3934","targetHints":{"allow":["GET"]}}],"collection":[{"href":"https:\/\/trabucoradio.com\/home\/index.php?rest_route=\/wp\/v2\/posts"}],"about":[{"href":"https:\/\/trabucoradio.com\/home\/index.php?rest_route=\/wp\/v2\/types\/post"}],"author":[{"embeddable":true,"href":"https:\/\/trabucoradio.com\/home\/index.php?rest_route=\/wp\/v2\/users\/1"}],"replies":[{"embeddable":true,"href":"https:\/\/trabucoradio.com\/home\/index.php?rest_route=%2Fwp%2Fv2%2Fcomments&post=3934"}],"version-history":[{"count":1,"href":"https:\/\/trabucoradio.com\/home\/index.php?rest_route=\/wp\/v2\/posts\/3934\/revisions"}],"predecessor-version":[{"id":3936,"href":"https:\/\/trabucoradio.com\/home\/index.php?rest_route=\/wp\/v2\/posts\/3934\/revisions\/3936"}],"wp:featuredmedia":[{"embeddable":true,"href":"https:\/\/trabucoradio.com\/home\/index.php?rest_route=\/wp\/v2\/media\/3935"}],"wp:attachment":[{"href":"https:\/\/trabucoradio.com\/home\/index.php?rest_route=%2Fwp%2Fv2%2Fmedia&parent=3934"}],"wp:term":[{"taxonomy":"category","embeddable":true,"href":"https:\/\/trabucoradio.com\/home\/index.php?rest_route=%2Fwp%2Fv2%2Fcategories&post=3934"},{"taxonomy":"post_tag","embeddable":true,"href":"https:\/\/trabucoradio.com\/home\/index.php?rest_route=%2Fwp%2Fv2%2Ftags&post=3934"}],"curies":[{"name":"wp","href":"https:\/\/api.w.org\/{rel}","templated":true}]}}