{"id":3930,"date":"2025-07-22T14:15:02","date_gmt":"2025-07-22T20:15:02","guid":{"rendered":"https:\/\/trabucoradio.com\/home\/?p=3930"},"modified":"2025-07-22T14:15:02","modified_gmt":"2025-07-22T20:15:02","slug":"vacaciones-de-verano-con-saldo-rojo-en-veracruz-7-personas-muertas-por-ahogamiento","status":"publish","type":"post","link":"https:\/\/trabucoradio.com\/home\/?p=3930","title":{"rendered":"VACACIONES DE VERANO CON SALDO ROJO EN VERACRUZ: 7 PERSONAS MUERTAS POR AHOGAMIENTO"},"content":{"rendered":"<p>VACACIONES DE VERANO CON SALDO ROJO EN VERACRUZ: 7 PERSONAS MUERTAS POR AHOGAMIENTO<\/p>\n<p>&nbsp;<\/p>\n<p>&nbsp;<\/p>\n<p>Autoridades estatales de\u00a0Veracruz\u00a0confirmaron que en lo que va de las\u00a0vacaciones\u00a0de\u00a0verano, van 7 personas\u00a0muertas\u00a0por\u00a0ahogamiento. Al respecto, exhortaron a la poblaci\u00f3n tomar\u00a0precauciones\u00a0si se visitan estos sitios durante esta temporada.<\/p>\n<p>En conferencia de prensa desde Palacio de Gobierno, la gobernadora de Veracruz,\u00a0Roc\u00edo Nahle Garc\u00eda, fue cuestionada sobre el n\u00famero de\u00a0personas\u00a0que han\u00a0fallecido\u00a0por\u00a0ahogamiento\u00a0en el estado de\u00a0Veracruz. Al respecto, confirm\u00f3 que se tratan de 7\u00a0personas\u00a0sin detallar en donde ocurrieron los hechos.<\/p>\n<p>Previamente, la\u00a0secretaria de\u00a0Protecci\u00f3n Civil del Estado, Guadalupe Osorno Maldonado,\u00a0reconoci\u00f3\u00a0que las muertes por\u00a0ahogamiento\u00a0en\u00a0Veracruz, son una de las principales causas de\u00a0incidencias\u00a0en la entidad, por lo que exhort\u00f3 tanto a locales como a visitantes, no introducirse a los diferentes\u00a0cuerpos de agua\u00a0que se visiten si beben alcohol.<\/p>\n<p>&nbsp;<\/p>\n<p>Caso m\u00e1s reciente de v\u00edctima de ahogamiento<\/p>\n<p>&nbsp;<\/p>\n<p>El caso m\u00e1s reciente de\u00a0ahogamiento\u00a0en\u00a0Veracruz\u00a0se registr\u00f3 el pasado domingo 20 de julio en la\u00a0playa Villa del Mar,\u00a0en la ciudad de Veracruz. Un hombre originario del estado de\u00a0Puebla\u00a0muri\u00f3 ahogado tras meterse al mar y ser arrastrado por la corriente del agua.<\/p>\n<p>Vendedores ambulantes\u00a0de la zona, que se percataron de lo ocurrido, relataron que los\u00a0guardavidas\u00a0no vieron cuando el hombre ingres\u00f3 al mar, sino hasta que su cuerpo comenz\u00f3 a flotar. El cuerpo de la v\u00edctima fue sacado del mar hacia la tarde noche del mismo d\u00eda.<\/p>\n","protected":false},"excerpt":{"rendered":"<p>VACACIONES DE VERANO CON SALDO ROJO EN VERACRUZ: 7 PERSONAS MUERTAS POR AHOGAMIENTO &nbsp; &nbsp; Autoridades estatales de\u00a0Veracruz\u00a0confirmaron que en lo que va de las\u00a0vacaciones\u00a0de\u00a0verano, van 7 personas\u00a0muertas\u00a0por\u00a0ahogamiento. Al respecto, exhortaron a la poblaci\u00f3n tomar\u00a0precauciones\u00a0si se visitan estos sitios durante esta temporada. En conferencia de prensa desde Palacio de Gobierno, la gobernadora de Veracruz,\u00a0Roc\u00edo Nahle [&hellip;]<\/p>\n","protected":false},"author":1,"featured_media":3931,"comment_status":"open","ping_status":"open","sticky":false,"template":"","format":"standard","meta":{"footnotes":""},"categories":[4],"tags":[],"class_list":["post-3930","post","type-post","status-publish","format-standard","has-post-thumbnail","hentry","category-noticias"],"_links":{"self":[{"href":"https:\/\/trabucoradio.com\/home\/index.php?rest_route=\/wp\/v2\/posts\/3930","targetHints":{"allow":["GET"]}}],"collection":[{"href":"https:\/\/trabucoradio.com\/home\/index.php?rest_route=\/wp\/v2\/posts"}],"about":[{"href":"https:\/\/trabucoradio.com\/home\/index.php?rest_route=\/wp\/v2\/types\/post"}],"author":[{"embeddable":true,"href":"https:\/\/trabucoradio.com\/home\/index.php?rest_route=\/wp\/v2\/users\/1"}],"replies":[{"embeddable":true,"href":"https:\/\/trabucoradio.com\/home\/index.php?rest_route=%2Fwp%2Fv2%2Fcomments&post=3930"}],"version-history":[{"count":2,"href":"https:\/\/trabucoradio.com\/home\/index.php?rest_route=\/wp\/v2\/posts\/3930\/revisions"}],"predecessor-version":[{"id":3933,"href":"https:\/\/trabucoradio.com\/home\/index.php?rest_route=\/wp\/v2\/posts\/3930\/revisions\/3933"}],"wp:featuredmedia":[{"embeddable":true,"href":"https:\/\/trabucoradio.com\/home\/index.php?rest_route=\/wp\/v2\/media\/3931"}],"wp:attachment":[{"href":"https:\/\/trabucoradio.com\/home\/index.php?rest_route=%2Fwp%2Fv2%2Fmedia&parent=3930"}],"wp:term":[{"taxonomy":"category","embeddable":true,"href":"https:\/\/trabucoradio.com\/home\/index.php?rest_route=%2Fwp%2Fv2%2Fcategories&post=3930"},{"taxonomy":"post_tag","embeddable":true,"href":"https:\/\/trabucoradio.com\/home\/index.php?rest_route=%2Fwp%2Fv2%2Ftags&post=3930"}],"curies":[{"name":"wp","href":"https:\/\/api.w.org\/{rel}","templated":true}]}}