{"id":3927,"date":"2025-07-22T14:12:09","date_gmt":"2025-07-22T20:12:09","guid":{"rendered":"https:\/\/trabucoradio.com\/home\/?p=3927"},"modified":"2025-07-22T14:12:09","modified_gmt":"2025-07-22T20:12:09","slug":"aeromexico-y-delta-solicitan-4-semanas-para-responder-a-plan-de-ee-uu-sobre-empresa-conjunta","status":"publish","type":"post","link":"https:\/\/trabucoradio.com\/home\/?p=3927","title":{"rendered":"AEROM\u00c9XICO Y DELTA SOLICITAN 4 SEMANAS PARA RESPONDER A PLAN DE EE.UU. SOBRE EMPRESA CONJUNTA"},"content":{"rendered":"<p>AEROM\u00c9XICO Y DELTA SOLICITAN 4 SEMANAS PARA RESPONDER A PLAN DE EE.UU. SOBRE EMPRESA CONJUNTA<\/p>\n<p>&nbsp;<\/p>\n<p>&nbsp;<\/p>\n<p>Despu\u00e9s de que Estados Unidos amenaz\u00f3 el\u00a0acuerdo entre Delta Air Lines y Aerom\u00e9xico, ambas aerol\u00edneas solicitaron una pr\u00f3rroga de cuatro semanas para responder a la propuesta del Departamento de Transporte de Estados Unidos (DOT), que afectar\u00eda su colaboraci\u00f3n.<\/p>\n<p>El DOT propuso el s\u00e1bado retirar la inmunidad antimonopolio de la empresa conjunta para abordar problemas de competencia. Tambi\u00e9n emiti\u00f3 \u00f3rdenes que podr\u00edan afectar los horarios de vuelo de las aerol\u00edneas mexicanas.<\/p>\n<p>&nbsp;<\/p>\n<p>La orden emitida por el secretario de Transporte, Sean Duffy, implica retirar la inmunidad antimonopolio que se les hab\u00eda otorgado anteriormente\u00a0y adelant\u00f3 que espera que estas acciones sirvan de advertencia para cualquier pa\u00eds que crea que puede aprovecharse de Estados Unidos.<\/p>\n<p>&nbsp;<\/p>\n<p>Acuerdo a\u00e9reo que viol\u00f3 M\u00e9xico en Estados Unidos<\/p>\n<p>El Departamento de Transporte mencion\u00f3 que M\u00e9xico viol\u00f3 un acuerdo de 2015, a partir de 2022, cuando retir\u00f3 franjas horarias a las aerol\u00edneas estadounidenses en el Aeropuerto Benito Ju\u00e1rez de la Ciudad de M\u00e9xico, seg\u00fan Bloomberg.<\/p>\n","protected":false},"excerpt":{"rendered":"<p>AEROM\u00c9XICO Y DELTA SOLICITAN 4 SEMANAS PARA RESPONDER A PLAN DE EE.UU. SOBRE EMPRESA CONJUNTA &nbsp; &nbsp; Despu\u00e9s de que Estados Unidos amenaz\u00f3 el\u00a0acuerdo entre Delta Air Lines y Aerom\u00e9xico, ambas aerol\u00edneas solicitaron una pr\u00f3rroga de cuatro semanas para responder a la propuesta del Departamento de Transporte de Estados Unidos (DOT), que afectar\u00eda su colaboraci\u00f3n. [&hellip;]<\/p>\n","protected":false},"author":1,"featured_media":3928,"comment_status":"open","ping_status":"open","sticky":false,"template":"","format":"standard","meta":{"footnotes":""},"categories":[4],"tags":[],"class_list":["post-3927","post","type-post","status-publish","format-standard","has-post-thumbnail","hentry","category-noticias"],"_links":{"self":[{"href":"https:\/\/trabucoradio.com\/home\/index.php?rest_route=\/wp\/v2\/posts\/3927","targetHints":{"allow":["GET"]}}],"collection":[{"href":"https:\/\/trabucoradio.com\/home\/index.php?rest_route=\/wp\/v2\/posts"}],"about":[{"href":"https:\/\/trabucoradio.com\/home\/index.php?rest_route=\/wp\/v2\/types\/post"}],"author":[{"embeddable":true,"href":"https:\/\/trabucoradio.com\/home\/index.php?rest_route=\/wp\/v2\/users\/1"}],"replies":[{"embeddable":true,"href":"https:\/\/trabucoradio.com\/home\/index.php?rest_route=%2Fwp%2Fv2%2Fcomments&post=3927"}],"version-history":[{"count":1,"href":"https:\/\/trabucoradio.com\/home\/index.php?rest_route=\/wp\/v2\/posts\/3927\/revisions"}],"predecessor-version":[{"id":3929,"href":"https:\/\/trabucoradio.com\/home\/index.php?rest_route=\/wp\/v2\/posts\/3927\/revisions\/3929"}],"wp:featuredmedia":[{"embeddable":true,"href":"https:\/\/trabucoradio.com\/home\/index.php?rest_route=\/wp\/v2\/media\/3928"}],"wp:attachment":[{"href":"https:\/\/trabucoradio.com\/home\/index.php?rest_route=%2Fwp%2Fv2%2Fmedia&parent=3927"}],"wp:term":[{"taxonomy":"category","embeddable":true,"href":"https:\/\/trabucoradio.com\/home\/index.php?rest_route=%2Fwp%2Fv2%2Fcategories&post=3927"},{"taxonomy":"post_tag","embeddable":true,"href":"https:\/\/trabucoradio.com\/home\/index.php?rest_route=%2Fwp%2Fv2%2Ftags&post=3927"}],"curies":[{"name":"wp","href":"https:\/\/api.w.org\/{rel}","templated":true}]}}