{"id":3924,"date":"2025-07-22T14:09:21","date_gmt":"2025-07-22T20:09:21","guid":{"rendered":"https:\/\/trabucoradio.com\/home\/?p=3924"},"modified":"2025-07-22T14:09:21","modified_gmt":"2025-07-22T20:09:21","slug":"1-al-30-de-agosto-inicia-registro-de-pension-para-mujeres-de-60-a-64-anos-lorena-mendez-denis","status":"publish","type":"post","link":"https:\/\/trabucoradio.com\/home\/?p=3924","title":{"rendered":"1 AL 30 DE AGOSTO INICIA REGISTRO DE PENSI\u00d3N PARA MUJERES DE 60 A 64 A\u00d1OS: LORENA M\u00c9NDEZ DENIS"},"content":{"rendered":"<div class=\"xdj266r x14z9mp xat24cr x1lziwak x1vvkbs x126k92a\">\n<div dir=\"auto\">1 AL 30 DE AGOSTO INICIA REGISTRO DE PENSI\u00d3N PARA MUJERES DE 60 A 64 A\u00d1OS: LORENA M\u00c9NDEZ DENIS<\/div>\n<\/div>\n<div dir=\"auto\"><\/div>\n<div dir=\"auto\"><\/div>\n<div class=\"xdj266r x14z9mp xat24cr x1lziwak x1vvkbs x126k92a\">\n<div dir=\"auto\"><\/div>\n<\/div>\n<div class=\"x14z9mp xat24cr x1lziwak x1vvkbs xtlvy1s x126k92a\">\n<div dir=\"auto\"><span class=\"html-span xdj266r x14z9mp xat24cr x1lziwak xexx8yu xyri2b x18d9i69 x1c1uobl x1hl2dhg x16tdsg8 x1vvkbs\"><span class=\"xt0psk2\"><span class=\"xjp7ctv\">Lorena M\u00e9ndez Denis<\/span><\/span><\/span> Delegada de Bienestar en <span class=\"html-span xdj266r x14z9mp xat24cr x1lziwak xexx8yu xyri2b x18d9i69 x1c1uobl x1hl2dhg x16tdsg8 x1vvkbs\">#Tabasco<\/span> dio a conocer los requisitos para el programa Pensi\u00f3n Mujeres Bienestar que incluye a mujeres de 60 a 64 a\u00f1os ya cumplidos.<\/div>\n<div dir=\"auto\"><\/div>\n<\/div>\n<div class=\"x14z9mp xat24cr x1lziwak x1vvkbs xtlvy1s x126k92a\">\n<div dir=\"auto\">En rueda de prensa la funcionaria federal destac\u00f3 que los registros se llevaran a cabo del 1 al 30 de agosto de lunes a viernes de acuerdo al calendario con la primera letra del primer apellido, y los s\u00e1bados se atender\u00e1 a todas aquellas mujeres que por alguna circunstancia no puedan acudir en la semana, en un horario de 8 de la ma\u00f1ana a 3 de la tarde.<\/div>\n<div dir=\"auto\"><\/div>\n<\/div>\n<div class=\"x14z9mp xat24cr x1lziwak x1vvkbs xtlvy1s x126k92a\">\n<div dir=\"auto\">Asimismo, dijo que se instalaran 325 m\u00f3dulos en los 17 municipios, en caso de que la persona no pueda trasladarse, entonces un servidor de la Naci\u00f3n acudir\u00e1 al domicilio.<\/div>\n<\/div>\n","protected":false},"excerpt":{"rendered":"<p>1 AL 30 DE AGOSTO INICIA REGISTRO DE PENSI\u00d3N PARA MUJERES DE 60 A 64 A\u00d1OS: LORENA M\u00c9NDEZ DENIS Lorena M\u00e9ndez Denis Delegada de Bienestar en #Tabasco dio a conocer los requisitos para el programa Pensi\u00f3n Mujeres Bienestar que incluye a mujeres de 60 a 64 a\u00f1os ya cumplidos. En rueda de prensa la funcionaria [&hellip;]<\/p>\n","protected":false},"author":1,"featured_media":3925,"comment_status":"open","ping_status":"open","sticky":false,"template":"","format":"standard","meta":{"footnotes":""},"categories":[4],"tags":[],"class_list":["post-3924","post","type-post","status-publish","format-standard","has-post-thumbnail","hentry","category-noticias"],"_links":{"self":[{"href":"https:\/\/trabucoradio.com\/home\/index.php?rest_route=\/wp\/v2\/posts\/3924","targetHints":{"allow":["GET"]}}],"collection":[{"href":"https:\/\/trabucoradio.com\/home\/index.php?rest_route=\/wp\/v2\/posts"}],"about":[{"href":"https:\/\/trabucoradio.com\/home\/index.php?rest_route=\/wp\/v2\/types\/post"}],"author":[{"embeddable":true,"href":"https:\/\/trabucoradio.com\/home\/index.php?rest_route=\/wp\/v2\/users\/1"}],"replies":[{"embeddable":true,"href":"https:\/\/trabucoradio.com\/home\/index.php?rest_route=%2Fwp%2Fv2%2Fcomments&post=3924"}],"version-history":[{"count":1,"href":"https:\/\/trabucoradio.com\/home\/index.php?rest_route=\/wp\/v2\/posts\/3924\/revisions"}],"predecessor-version":[{"id":3926,"href":"https:\/\/trabucoradio.com\/home\/index.php?rest_route=\/wp\/v2\/posts\/3924\/revisions\/3926"}],"wp:featuredmedia":[{"embeddable":true,"href":"https:\/\/trabucoradio.com\/home\/index.php?rest_route=\/wp\/v2\/media\/3925"}],"wp:attachment":[{"href":"https:\/\/trabucoradio.com\/home\/index.php?rest_route=%2Fwp%2Fv2%2Fmedia&parent=3924"}],"wp:term":[{"taxonomy":"category","embeddable":true,"href":"https:\/\/trabucoradio.com\/home\/index.php?rest_route=%2Fwp%2Fv2%2Fcategories&post=3924"},{"taxonomy":"post_tag","embeddable":true,"href":"https:\/\/trabucoradio.com\/home\/index.php?rest_route=%2Fwp%2Fv2%2Ftags&post=3924"}],"curies":[{"name":"wp","href":"https:\/\/api.w.org\/{rel}","templated":true}]}}