{"id":3918,"date":"2025-07-22T14:04:33","date_gmt":"2025-07-22T20:04:33","guid":{"rendered":"https:\/\/trabucoradio.com\/home\/?p=3918"},"modified":"2025-07-22T14:04:33","modified_gmt":"2025-07-22T20:04:33","slug":"ex-titular-de-seguridad-pudo-estar-involucrado-en-desaparicion-de-archivos-de-desaparecidos","status":"publish","type":"post","link":"https:\/\/trabucoradio.com\/home\/?p=3918","title":{"rendered":"EX TITULAR DE SEGURIDAD PUDO ESTAR INVOLUCRADO EN DESAPARICI\u00d3N DE ARCHIVOS DE DESAPARECIDOS"},"content":{"rendered":"<p>EX TITULAR DE SEGURIDAD PUDO ESTAR INVOLUCRADO EN DESAPARICI\u00d3N DE ARCHIVOS DE DESAPARECIDOS<\/p>\n<p>&nbsp;<\/p>\n<p>El asesor jur\u00eddico del\u00a0Comit\u00e9 Derechos Humanos de Tabasco (CODEHUTAB), Efra\u00edn Rodr\u00edguez\u00a0refiri\u00f3 que; \u201cA como est\u00e1 la situaci\u00f3n en Tabasco ya no se sabe si estos\u00a0datos fueron desaparecidos u ocultados por alg\u00fan inter\u00e9s\u00a0de proteger a alguien del mismo gobierno\u201d, dada la magnitud de las cifras de desapariciones reportadas en\u00a0administraciones pasadas, por lo que se debe investigar incluso al ex titular de seguridad ya que se desconoce si \u00absus tentaculos pudieron haber alcanzado\u00bb, estos casos.<\/p>\n<p>&nbsp;<\/p>\n<p>Asimismo, se\u00f1al\u00f3 que en la entidad, desde hace aproximadamente una d\u00e9cada, el problema de las mujeres desaparecidas representa una problem\u00e1tica grave que no ha sido visibilizada. Record\u00f3 que la Fiscal\u00eda, en sus diferentes etapas\u00a0 incluyendo cuando era Procuradur\u00eda, inici\u00f3 carpetas de investigaci\u00f3n por casos de desapariciones de mujeres, sin embargo, en la administraci\u00f3n pasada, esta labor dej\u00f3 mucho que desear.<\/p>\n<p>&nbsp;<\/p>\n<p>El activista en su opini\u00f3n, refiri\u00f3 que\u00a0la desaparici\u00f3n de los archivos es una grave omisi\u00f3n\u00a0que impide esclarecer los casos y dar justicia a las v\u00edctimas. Finalmente, hizo un llamado al actual fiscal general,\u00a0Oscar Tonatiuh Vazquez Landero, para que se finquen responsabilidades y darle a los familiares e las v\u00edctimas respuestas claras en torno a sus familiares ausentes.<\/p>\n<p>&nbsp;<\/p>\n","protected":false},"excerpt":{"rendered":"<p>EX TITULAR DE SEGURIDAD PUDO ESTAR INVOLUCRADO EN DESAPARICI\u00d3N DE ARCHIVOS DE DESAPARECIDOS &nbsp; El asesor jur\u00eddico del\u00a0Comit\u00e9 Derechos Humanos de Tabasco (CODEHUTAB), Efra\u00edn Rodr\u00edguez\u00a0refiri\u00f3 que; \u201cA como est\u00e1 la situaci\u00f3n en Tabasco ya no se sabe si estos\u00a0datos fueron desaparecidos u ocultados por alg\u00fan inter\u00e9s\u00a0de proteger a alguien del mismo gobierno\u201d, dada la magnitud [&hellip;]<\/p>\n","protected":false},"author":1,"featured_media":3919,"comment_status":"open","ping_status":"open","sticky":false,"template":"","format":"standard","meta":{"footnotes":""},"categories":[4],"tags":[],"class_list":["post-3918","post","type-post","status-publish","format-standard","has-post-thumbnail","hentry","category-noticias"],"_links":{"self":[{"href":"https:\/\/trabucoradio.com\/home\/index.php?rest_route=\/wp\/v2\/posts\/3918","targetHints":{"allow":["GET"]}}],"collection":[{"href":"https:\/\/trabucoradio.com\/home\/index.php?rest_route=\/wp\/v2\/posts"}],"about":[{"href":"https:\/\/trabucoradio.com\/home\/index.php?rest_route=\/wp\/v2\/types\/post"}],"author":[{"embeddable":true,"href":"https:\/\/trabucoradio.com\/home\/index.php?rest_route=\/wp\/v2\/users\/1"}],"replies":[{"embeddable":true,"href":"https:\/\/trabucoradio.com\/home\/index.php?rest_route=%2Fwp%2Fv2%2Fcomments&post=3918"}],"version-history":[{"count":1,"href":"https:\/\/trabucoradio.com\/home\/index.php?rest_route=\/wp\/v2\/posts\/3918\/revisions"}],"predecessor-version":[{"id":3920,"href":"https:\/\/trabucoradio.com\/home\/index.php?rest_route=\/wp\/v2\/posts\/3918\/revisions\/3920"}],"wp:featuredmedia":[{"embeddable":true,"href":"https:\/\/trabucoradio.com\/home\/index.php?rest_route=\/wp\/v2\/media\/3919"}],"wp:attachment":[{"href":"https:\/\/trabucoradio.com\/home\/index.php?rest_route=%2Fwp%2Fv2%2Fmedia&parent=3918"}],"wp:term":[{"taxonomy":"category","embeddable":true,"href":"https:\/\/trabucoradio.com\/home\/index.php?rest_route=%2Fwp%2Fv2%2Fcategories&post=3918"},{"taxonomy":"post_tag","embeddable":true,"href":"https:\/\/trabucoradio.com\/home\/index.php?rest_route=%2Fwp%2Fv2%2Ftags&post=3918"}],"curies":[{"name":"wp","href":"https:\/\/api.w.org\/{rel}","templated":true}]}}