{"id":3912,"date":"2025-07-22T14:00:14","date_gmt":"2025-07-22T20:00:14","guid":{"rendered":"https:\/\/trabucoradio.com\/home\/?p=3912"},"modified":"2025-07-22T14:00:14","modified_gmt":"2025-07-22T20:00:14","slug":"hay-14-mexicanos-detenidos-tras-redadas-en-ee-uu-pedimos-deportacion-inmediata-sheinbaum","status":"publish","type":"post","link":"https:\/\/trabucoradio.com\/home\/?p=3912","title":{"rendered":"HAY 14 MEXICANOS DETENIDOS TRAS REDADAS EN EE.UU., PEDIMOS DEPORTACI\u00d3N INMEDIATA: SHEINBAUM"},"content":{"rendered":"<p>HAY 14 MEXICANOS DETENIDOS TRAS REDADAS EN EE.UU., PEDIMOS DEPORTACI\u00d3N INMEDIATA: SHEINBAUM<\/p>\n<p>&nbsp;<\/p>\n<p>&nbsp;<\/p>\n<p>La presidenta\u00a0Claudia Sheinbaum Pardo\u00a0inform\u00f3 este martes que hasta el momento hay 14 mexicanos detenidos tras las redadas que se realizan en\u00a0Estados Unidos.<\/p>\n<p>En conferencia de prensa matutina, la mandataria indic\u00f3 que solicit\u00f3 al gobierno estadounidense la\u00a0deportaci\u00f3n inmediata\u00a0de los connacionales que sean detenidos. \u201cMandamos otra nota diplom\u00e1tica para que cualquier mexicano sea deportado de inmediato y que no tenga que pasar tiempo en este\u00a0centro de detenci\u00f3n, estamos insistiendo en que sean deportados de inmediato\u00bb, se\u00f1al\u00f3.<\/p>\n<p>Al ser cuestionada sobre si existen reportes de maltratos en centros de detenci\u00f3n de Estados Unidos, Sheinbaum aclar\u00f3 que el Consulado supervisa si existen o no\u00a0violaciones a los derechos humanos. \u00abSi es as\u00ed, pues se sigue el protocolo que debe seguirse, pero lo que hemos solicitado es que se deporte de inmediato para poderlos repatriar\u00bb, dijo.<\/p>\n<p>\u00abSe envi\u00f3 nota diplom\u00e1tica y desde la\u00a0Embajada de M\u00e9xico en Estados Unidos\u00a0y de los consulados se est\u00e1 insistiendo en que sean integrados a M\u00e9xico de la manera m\u00e1s pronta posible\u00bb, reiter\u00f3 la presidenta.<\/p>\n","protected":false},"excerpt":{"rendered":"<p>HAY 14 MEXICANOS DETENIDOS TRAS REDADAS EN EE.UU., PEDIMOS DEPORTACI\u00d3N INMEDIATA: SHEINBAUM &nbsp; &nbsp; La presidenta\u00a0Claudia Sheinbaum Pardo\u00a0inform\u00f3 este martes que hasta el momento hay 14 mexicanos detenidos tras las redadas que se realizan en\u00a0Estados Unidos. En conferencia de prensa matutina, la mandataria indic\u00f3 que solicit\u00f3 al gobierno estadounidense la\u00a0deportaci\u00f3n inmediata\u00a0de los connacionales que sean [&hellip;]<\/p>\n","protected":false},"author":1,"featured_media":3913,"comment_status":"open","ping_status":"open","sticky":false,"template":"","format":"standard","meta":{"footnotes":""},"categories":[4],"tags":[],"class_list":["post-3912","post","type-post","status-publish","format-standard","has-post-thumbnail","hentry","category-noticias"],"_links":{"self":[{"href":"https:\/\/trabucoradio.com\/home\/index.php?rest_route=\/wp\/v2\/posts\/3912","targetHints":{"allow":["GET"]}}],"collection":[{"href":"https:\/\/trabucoradio.com\/home\/index.php?rest_route=\/wp\/v2\/posts"}],"about":[{"href":"https:\/\/trabucoradio.com\/home\/index.php?rest_route=\/wp\/v2\/types\/post"}],"author":[{"embeddable":true,"href":"https:\/\/trabucoradio.com\/home\/index.php?rest_route=\/wp\/v2\/users\/1"}],"replies":[{"embeddable":true,"href":"https:\/\/trabucoradio.com\/home\/index.php?rest_route=%2Fwp%2Fv2%2Fcomments&post=3912"}],"version-history":[{"count":1,"href":"https:\/\/trabucoradio.com\/home\/index.php?rest_route=\/wp\/v2\/posts\/3912\/revisions"}],"predecessor-version":[{"id":3914,"href":"https:\/\/trabucoradio.com\/home\/index.php?rest_route=\/wp\/v2\/posts\/3912\/revisions\/3914"}],"wp:featuredmedia":[{"embeddable":true,"href":"https:\/\/trabucoradio.com\/home\/index.php?rest_route=\/wp\/v2\/media\/3913"}],"wp:attachment":[{"href":"https:\/\/trabucoradio.com\/home\/index.php?rest_route=%2Fwp%2Fv2%2Fmedia&parent=3912"}],"wp:term":[{"taxonomy":"category","embeddable":true,"href":"https:\/\/trabucoradio.com\/home\/index.php?rest_route=%2Fwp%2Fv2%2Fcategories&post=3912"},{"taxonomy":"post_tag","embeddable":true,"href":"https:\/\/trabucoradio.com\/home\/index.php?rest_route=%2Fwp%2Fv2%2Ftags&post=3912"}],"curies":[{"name":"wp","href":"https:\/\/api.w.org\/{rel}","templated":true}]}}