{"id":3909,"date":"2025-07-22T08:10:40","date_gmt":"2025-07-22T14:10:40","guid":{"rendered":"https:\/\/trabucoradio.com\/home\/?p=3909"},"modified":"2025-07-22T08:10:40","modified_gmt":"2025-07-22T14:10:40","slug":"ee-uu-anuncia-su-retiro-de-la-unesco-por-no-contribuir-a-sus-intereses","status":"publish","type":"post","link":"https:\/\/trabucoradio.com\/home\/?p=3909","title":{"rendered":"EE.UU. ANUNCIA SU RETIRO DE LA UNESCO POR NO CONTRIBUIR A SUS INTERESES"},"content":{"rendered":"<p>EE.UU. ANUNCIA SU RETIRO DE LA UNESCO POR NO CONTRIBUIR A SUS INTERESES<\/p>\n<p>&nbsp;<\/p>\n<p>&nbsp;<\/p>\n<p>&nbsp;<\/p>\n<p>El Gobierno del presidente de\u00a0Estados Unidos, Donald Trump, anunci\u00f3 este martes la\u00a0retirada del pa\u00eds de la Unesco, efectivo el 31 de diciembre de 2026, debido a que la membres\u00eda en la organizaci\u00f3n\u00a0no contribuye a sus intereses nacionales.<\/p>\n<p>\u00abHoy, Estados Unidos inform\u00f3 a la Directora General, Audrey Azoulay, sobre su decisi\u00f3n de retirarse de la Unesco. Continuar participando en la Unesco no redunda en el inter\u00e9s nacional de EE.UU.\u00bb, indic\u00f3 la protavoz del Departamento de Estado, Tammy Bruce, en un comunicado.<\/p>\n<p>La\u00a0directora general de la Unesco, la francesa Audrey Azoulay,\u00a0lament\u00f3 profundamente la decisi\u00f3n\u00a0del presidente estadounidense, Donald Trump, de retirar de nuevo a su pa\u00eds de la organizaci\u00f3n, pero asegur\u00f3 que\u00a0estaban preparados para ello, incluido a nivel presupuestario.<\/p>\n<p>\u00abAunque lamentable, este anuncio era previsible y la Unesco se ha preparado para ello\u00bb, se\u00f1al\u00f3 Azoulay en un comunicado tras la decisi\u00f3n estadounidense, anunciada por una portavoz del Departamento de Estado.<\/p>\n<p>Seg\u00fan precisaron fuentes de la Unesco, la decisi\u00f3n de EE.UU. se trata en realidad de una \u00abdecisi\u00f3n pol\u00edtica bastante personal\u00bb sobre la que la agencia no se hac\u00eda falsas esperanzas, especialmente teniendo en cuenta que el retorno de 2023 hab\u00eda sido una iniciativa personal del presidente Biden.<\/p>\n<p>La agencia de la ONU con sede en Par\u00eds detall\u00f3 que la\u00a0contribuci\u00f3n estadounidense representa el 22 % de su presupuesto regular\u00a0pero solo el 8 % de su presupuesto total, que se nutre, adem\u00e1s de las contribuciones obligatorias de los miembros, de aportaciones voluntarias de pa\u00edses, entidades sociales y donantes.<\/p>\n<p>Esta es la tercera vez que Estados Unidos se sale de la Unesco, organizaci\u00f3n de la que fue uno de sus miembros fundadores en 1945 y uno de los primeros signatarios de su constituci\u00f3n, que entr\u00f3 en vigor el 4 de noviembre.<\/p>\n<p>La primera retirada, a la que se suman las dos de Trump, tuvo lugar tuvo lugar en\u00a01984, bajo la presidencia de Ronald Reagan, en protesta contra lo que el mandatario consider\u00f3 una mala administraci\u00f3n econ\u00f3mica y excesiva \u00abpolitizaci\u00f3n\u00bb -en el contexto de la Guerra Fr\u00eda-, cuando aportaba la cuarta parte de su presupuesto.\u00a0Solo retorn\u00f3 en octubre de 2003, durante la jefatura de Estado de George W. Bush.<\/p>\n","protected":false},"excerpt":{"rendered":"<p>EE.UU. ANUNCIA SU RETIRO DE LA UNESCO POR NO CONTRIBUIR A SUS INTERESES &nbsp; &nbsp; &nbsp; El Gobierno del presidente de\u00a0Estados Unidos, Donald Trump, anunci\u00f3 este martes la\u00a0retirada del pa\u00eds de la Unesco, efectivo el 31 de diciembre de 2026, debido a que la membres\u00eda en la organizaci\u00f3n\u00a0no contribuye a sus intereses nacionales. \u00abHoy, Estados [&hellip;]<\/p>\n","protected":false},"author":1,"featured_media":3910,"comment_status":"open","ping_status":"open","sticky":false,"template":"","format":"standard","meta":{"footnotes":""},"categories":[4],"tags":[],"class_list":["post-3909","post","type-post","status-publish","format-standard","has-post-thumbnail","hentry","category-noticias"],"_links":{"self":[{"href":"https:\/\/trabucoradio.com\/home\/index.php?rest_route=\/wp\/v2\/posts\/3909","targetHints":{"allow":["GET"]}}],"collection":[{"href":"https:\/\/trabucoradio.com\/home\/index.php?rest_route=\/wp\/v2\/posts"}],"about":[{"href":"https:\/\/trabucoradio.com\/home\/index.php?rest_route=\/wp\/v2\/types\/post"}],"author":[{"embeddable":true,"href":"https:\/\/trabucoradio.com\/home\/index.php?rest_route=\/wp\/v2\/users\/1"}],"replies":[{"embeddable":true,"href":"https:\/\/trabucoradio.com\/home\/index.php?rest_route=%2Fwp%2Fv2%2Fcomments&post=3909"}],"version-history":[{"count":1,"href":"https:\/\/trabucoradio.com\/home\/index.php?rest_route=\/wp\/v2\/posts\/3909\/revisions"}],"predecessor-version":[{"id":3911,"href":"https:\/\/trabucoradio.com\/home\/index.php?rest_route=\/wp\/v2\/posts\/3909\/revisions\/3911"}],"wp:featuredmedia":[{"embeddable":true,"href":"https:\/\/trabucoradio.com\/home\/index.php?rest_route=\/wp\/v2\/media\/3910"}],"wp:attachment":[{"href":"https:\/\/trabucoradio.com\/home\/index.php?rest_route=%2Fwp%2Fv2%2Fmedia&parent=3909"}],"wp:term":[{"taxonomy":"category","embeddable":true,"href":"https:\/\/trabucoradio.com\/home\/index.php?rest_route=%2Fwp%2Fv2%2Fcategories&post=3909"},{"taxonomy":"post_tag","embeddable":true,"href":"https:\/\/trabucoradio.com\/home\/index.php?rest_route=%2Fwp%2Fv2%2Ftags&post=3909"}],"curies":[{"name":"wp","href":"https:\/\/api.w.org\/{rel}","templated":true}]}}