{"id":3898,"date":"2025-07-19T13:06:24","date_gmt":"2025-07-19T19:06:24","guid":{"rendered":"https:\/\/trabucoradio.com\/home\/?p=3898"},"modified":"2025-07-19T13:06:24","modified_gmt":"2025-07-19T19:06:24","slug":"siria-e-israel-acuerdan-un-alto-el-fuego-tras-pacto-impulsado-por-estados-unidos-para-frenar-la-violencia-en-sweida","status":"publish","type":"post","link":"https:\/\/trabucoradio.com\/home\/?p=3898","title":{"rendered":"SIRIA E ISRAEL ACUERDAN UN ALTO EL FUEGO TRAS PACTO IMPULSADO POR ESTADOS UNIDOS PARA FRENAR LA VIOLENCIA EN SWEIDA"},"content":{"rendered":"<p>SIRIA E ISRAEL ACUERDAN UN ALTO EL FUEGO TRAS PACTO IMPULSADO POR ESTADOS UNIDOS PARA FRENAR LA VIOLENCIA EN SWEIDA<\/p>\n<p>&nbsp;<\/p>\n<p>&nbsp;<\/p>\n<p>Los gobiernos de\u00a0Siria e Israel\u00a0acordaron un\u00a0cese al fuego\u00a0bajo la mediaci\u00f3n de Estados Unidos. Este acuerdo se logr\u00f3 despu\u00e9s de\u00a0seis d\u00edas de enfrentamientos sectarios\u00a0en la provincia siria de Sweida, que provocaron una intervenci\u00f3n militar israel\u00ed con bombardeos.<\/p>\n<p>&nbsp;<\/p>\n<p>El enviado especial de EEUU para Siria,\u00a0Tom Barrack, anunci\u00f3 la tregua en la madrugada del s\u00e1bado 19 de julio. El primer ministro israel\u00ed,\u00a0Benjamin Netanyahu, y el l\u00edder interino sirio, Ahmed al Sharaa, respaldaron el acuerdo con el apoyo del secretario de Estado estadounidense, Marco Rubio.<\/p>\n<p>&nbsp;<\/p>\n<p>Se lleg\u00f3 a un acuerdo<\/p>\n<p>Los recientes combates en Sweida dejaron\u00a0cientos de muertos\u00a0y aumentaron el riesgo de una escalada regional. El conflicto involucr\u00f3 a grupos sectarios, incluyendo drusos, beduinos y sun\u00edes, lo que llev\u00f3 a una intervenci\u00f3n militar israel\u00ed.<\/p>\n<p>&nbsp;<\/p>\n<p>El alto el fuego busca evitar m\u00e1s violencia y estabilizar la regi\u00f3n. Adem\u00e1s, cuenta con el respaldo de pa\u00edses vecinos como Turqu\u00eda y Jordania.<\/p>\n<p>&nbsp;<\/p>\n<p>&nbsp;<\/p>\n<p>Esto establece el acuerdo<\/p>\n<p>El pacto incluye los siguientes puntos clave:<\/p>\n<p>&nbsp;<\/p>\n<p>Cese de hostilidades: Ambas partes detendr\u00e1n los ataques militares.<\/p>\n<p>Retorno de fuerzas sirias: Las instituciones de seguridad y militares del gobierno sirio podr\u00e1n reingresar a todas las zonas de Sweida.<\/p>\n<p>Desarme de facciones locales: Se disolver\u00e1n los grupos armados y se entregar\u00e1n armas pesadas.<\/p>\n<p>Reintegraci\u00f3n de excombatientes: Los antiguos miembros de milicias se incorporar\u00e1n a las estructuras de seguridad del Estado.<\/p>\n<p>\u00bfQu\u00e9 han dicho las autoridades?<\/p>\n<p>Hasta ahora, el gobierno sirio no ha emitido una declaraci\u00f3n oficial sobre el acuerdo. Sin embargo, medios locales confirmaron el anuncio de un alto el fuego inmediato en Sweida.<\/p>\n<p>Por su parte, Tom Barrack hizo un llamado a las minor\u00edas en Siria para que depongan las armas y trabajen en la construcci\u00f3n de una identidad nacional unida.<\/p>\n<p>&nbsp;<\/p>\n","protected":false},"excerpt":{"rendered":"<p>SIRIA E ISRAEL ACUERDAN UN ALTO EL FUEGO TRAS PACTO IMPULSADO POR ESTADOS UNIDOS PARA FRENAR LA VIOLENCIA EN SWEIDA &nbsp; &nbsp; Los gobiernos de\u00a0Siria e Israel\u00a0acordaron un\u00a0cese al fuego\u00a0bajo la mediaci\u00f3n de Estados Unidos. Este acuerdo se logr\u00f3 despu\u00e9s de\u00a0seis d\u00edas de enfrentamientos sectarios\u00a0en la provincia siria de Sweida, que provocaron una intervenci\u00f3n militar [&hellip;]<\/p>\n","protected":false},"author":1,"featured_media":0,"comment_status":"open","ping_status":"open","sticky":false,"template":"","format":"standard","meta":{"footnotes":""},"categories":[4],"tags":[],"class_list":["post-3898","post","type-post","status-publish","format-standard","hentry","category-noticias"],"_links":{"self":[{"href":"https:\/\/trabucoradio.com\/home\/index.php?rest_route=\/wp\/v2\/posts\/3898","targetHints":{"allow":["GET"]}}],"collection":[{"href":"https:\/\/trabucoradio.com\/home\/index.php?rest_route=\/wp\/v2\/posts"}],"about":[{"href":"https:\/\/trabucoradio.com\/home\/index.php?rest_route=\/wp\/v2\/types\/post"}],"author":[{"embeddable":true,"href":"https:\/\/trabucoradio.com\/home\/index.php?rest_route=\/wp\/v2\/users\/1"}],"replies":[{"embeddable":true,"href":"https:\/\/trabucoradio.com\/home\/index.php?rest_route=%2Fwp%2Fv2%2Fcomments&post=3898"}],"version-history":[{"count":1,"href":"https:\/\/trabucoradio.com\/home\/index.php?rest_route=\/wp\/v2\/posts\/3898\/revisions"}],"predecessor-version":[{"id":3899,"href":"https:\/\/trabucoradio.com\/home\/index.php?rest_route=\/wp\/v2\/posts\/3898\/revisions\/3899"}],"wp:attachment":[{"href":"https:\/\/trabucoradio.com\/home\/index.php?rest_route=%2Fwp%2Fv2%2Fmedia&parent=3898"}],"wp:term":[{"taxonomy":"category","embeddable":true,"href":"https:\/\/trabucoradio.com\/home\/index.php?rest_route=%2Fwp%2Fv2%2Fcategories&post=3898"},{"taxonomy":"post_tag","embeddable":true,"href":"https:\/\/trabucoradio.com\/home\/index.php?rest_route=%2Fwp%2Fv2%2Ftags&post=3898"}],"curies":[{"name":"wp","href":"https:\/\/api.w.org\/{rel}","templated":true}]}}