{"id":3881,"date":"2025-07-19T09:36:15","date_gmt":"2025-07-19T15:36:15","guid":{"rendered":"https:\/\/trabucoradio.com\/home\/?p=3881"},"modified":"2025-07-19T09:36:15","modified_gmt":"2025-07-19T15:36:15","slug":"incertidumbre-arancelaria-ya-provoca-inflacion-de-alimentos-en-mexico-advierte-la-onu","status":"publish","type":"post","link":"https:\/\/trabucoradio.com\/home\/?p=3881","title":{"rendered":"INCERTIDUMBRE ARANCELARIA YA PROVOCA &#8216;INFLACI\u00d3N DE ALIMENTOS&#8217; EN M\u00c9XICO, ADVIERTE LA ONU"},"content":{"rendered":"<p>INCERTIDUMBRE ARANCELARIA YA PROVOCA &#8216;INFLACI\u00d3N DE ALIMENTOS&#8217; EN M\u00c9XICO, ADVIERTE LA ONU<\/p>\n<p>&nbsp;<\/p>\n<p>&nbsp;<\/p>\n<p>En medio de la guerra comercial desatada por Estados Unidos, el presidente del Fondo Internacional de Desarrollo Agr\u00edcola (FIDA), \u00c1lvaro Lario, visit\u00f3 este viernes M\u00e9xico, desde donde afirma que\u00a0\u201cdesgraciadamente\u201d\u00a0la incertidumbre arancelaria y las \u201cbarreras comerciales\u201d afectan especialmente a la\u00a0\u201cinflaci\u00f3n de los alimentos\u201d, con subidas marcadas en el caf\u00e9 y el cacao.<\/p>\n<p>El titular de la agencia especializada de la ONU subraya que los efectos ya se observan en el incremento de precios sobre productos como\u00a0\u00abel cacao o el caf\u00e9\u00bb por los \u00abshocks clim\u00e1ticos\u00bb, y advirti\u00f3 de que las consecuencias de los aranceles ser\u00e1n a \u201ccorto y a mediano plazo\u201d, pues no se sabe \u201ccu\u00e1nto tiempo se van a mantener\u201d, lo que tiene una \u201crepercusi\u00f3n en las cadenas de valor y en la planificaci\u00f3n de estas inversiones\u201d.<\/p>\n<p>Con aranceles que van hasta el\u00a017 % por la exportaci\u00f3n de jitomate y la amenaza de imponer el 30 % a productos mexicanos a partir del 1 de agosto por parte del presidente de Estados Unidos,\u00a0Donald Trump, M\u00e9xico es un blanco f\u00e1cil para recibir este efecto inflacionario al que hace referencia el enviado del FIDA.<\/p>\n<p>Para Lario, quien mantuvo reuniones con los titulares de las secretar\u00edas de Medio Ambiente y Agricultura de M\u00e9xico,\u00a0\u201cla atenci\u00f3n del gobierno\u201d est\u00e1 sobre estas medidas impulsadas por el presidente de Estados Unidos,\u00a0Donald Trump, pero tambi\u00e9n ante las posibles afectaciones a los peque\u00f1os agricultores o las comunidades rurales.<\/p>\n<p>En su opini\u00f3n, \u201ces importante que las oportunidades ocurran no solamente para autoconsumo, sino tambi\u00e9n para el mercado nacional e integrar esas cadenas de valor\u201d y \u201ctener muy claro d\u00f3nde se quieren fijar las inversiones\u201d.<\/p>\n<p>\u201cNo se puede atender todo al mismo tiempo, si es el frijol, si es el arroz o una combinaci\u00f3n, que es lo que la autosuficiencia requiere\u201d,\u00a0sostiene para argumentar que la inversi\u00f3n se podr\u00eda enfocar, por ejemplo, en \u201cm\u00e1s almacenaje, carreteras terciarias o rurales\u201d.<\/p>\n<p>Adem\u00e1s, aclara, M\u00e9xico es un \u201cpa\u00eds de renta media alta\u201d pero sufre de una desigualdad econ\u00f3mica con \u201cporcentajes elevados de pobreza, especialmente en zonas rurales\u201d, la cual es de 48,8 % comparada con el \u00e1mbito urbano que es del 32,2 %<\/p>\n","protected":false},"excerpt":{"rendered":"<p>INCERTIDUMBRE ARANCELARIA YA PROVOCA &#8216;INFLACI\u00d3N DE ALIMENTOS&#8217; EN M\u00c9XICO, ADVIERTE LA ONU &nbsp; &nbsp; En medio de la guerra comercial desatada por Estados Unidos, el presidente del Fondo Internacional de Desarrollo Agr\u00edcola (FIDA), \u00c1lvaro Lario, visit\u00f3 este viernes M\u00e9xico, desde donde afirma que\u00a0\u201cdesgraciadamente\u201d\u00a0la incertidumbre arancelaria y las \u201cbarreras comerciales\u201d afectan especialmente a la\u00a0\u201cinflaci\u00f3n de los [&hellip;]<\/p>\n","protected":false},"author":1,"featured_media":3882,"comment_status":"open","ping_status":"open","sticky":false,"template":"","format":"standard","meta":{"footnotes":""},"categories":[4],"tags":[],"class_list":["post-3881","post","type-post","status-publish","format-standard","has-post-thumbnail","hentry","category-noticias"],"_links":{"self":[{"href":"https:\/\/trabucoradio.com\/home\/index.php?rest_route=\/wp\/v2\/posts\/3881","targetHints":{"allow":["GET"]}}],"collection":[{"href":"https:\/\/trabucoradio.com\/home\/index.php?rest_route=\/wp\/v2\/posts"}],"about":[{"href":"https:\/\/trabucoradio.com\/home\/index.php?rest_route=\/wp\/v2\/types\/post"}],"author":[{"embeddable":true,"href":"https:\/\/trabucoradio.com\/home\/index.php?rest_route=\/wp\/v2\/users\/1"}],"replies":[{"embeddable":true,"href":"https:\/\/trabucoradio.com\/home\/index.php?rest_route=%2Fwp%2Fv2%2Fcomments&post=3881"}],"version-history":[{"count":1,"href":"https:\/\/trabucoradio.com\/home\/index.php?rest_route=\/wp\/v2\/posts\/3881\/revisions"}],"predecessor-version":[{"id":3883,"href":"https:\/\/trabucoradio.com\/home\/index.php?rest_route=\/wp\/v2\/posts\/3881\/revisions\/3883"}],"wp:featuredmedia":[{"embeddable":true,"href":"https:\/\/trabucoradio.com\/home\/index.php?rest_route=\/wp\/v2\/media\/3882"}],"wp:attachment":[{"href":"https:\/\/trabucoradio.com\/home\/index.php?rest_route=%2Fwp%2Fv2%2Fmedia&parent=3881"}],"wp:term":[{"taxonomy":"category","embeddable":true,"href":"https:\/\/trabucoradio.com\/home\/index.php?rest_route=%2Fwp%2Fv2%2Fcategories&post=3881"},{"taxonomy":"post_tag","embeddable":true,"href":"https:\/\/trabucoradio.com\/home\/index.php?rest_route=%2Fwp%2Fv2%2Ftags&post=3881"}],"curies":[{"name":"wp","href":"https:\/\/api.w.org\/{rel}","templated":true}]}}