{"id":3869,"date":"2025-07-19T09:26:43","date_gmt":"2025-07-19T15:26:43","guid":{"rendered":"https:\/\/trabucoradio.com\/home\/?p=3869"},"modified":"2025-07-19T09:26:43","modified_gmt":"2025-07-19T15:26:43","slug":"papa-leon-xiv-entristecido-por-el-incendio-en-irak","status":"publish","type":"post","link":"https:\/\/trabucoradio.com\/home\/?p=3869","title":{"rendered":"PAPA LE\u00d3N XIV &#8216;ENTRISTECIDO&#8217; POR EL INCENDIO EN IRAK"},"content":{"rendered":"<p>PAPA LE\u00d3N XIV &#8216;ENTRISTECIDO&#8217; POR EL INCENDIO EN IRAK<\/p>\n<p>&nbsp;<\/p>\n<p>&nbsp;<\/p>\n<p>Le\u00f3n XIV\u00a0se mostr\u00f3 este s\u00e1bado\u00a0\u00abentristecido\u00bb\u00a0por las v\u00edctimas del incendio en un hipermercado de la ciudad iraqu\u00ed de Irak, que caus\u00f3 al menos 60 muertos, y envi\u00f3 su\u00a0\u00absolidaridad espiritual a todos los que est\u00e1n sufriendo los efectos de esta tragedia\u00bb.<\/p>\n<p>&nbsp;<\/p>\n<p>\u00abEntristecido al ser informado del incendio en Kut, que ha dejado numerosos muertos y heridos, su Santidad el papa Le\u00f3n XIV env\u00eda su solidaridad espiritual a todos los que est\u00e1n sufriendo los efectos de esta tragedia, especialmente a los heridos y a las familias que lloran\u00bb, se indica en un telegrama enviado en su nombre por el secretario de Estado, el cardenal Pietro Parolin.<\/p>\n<p>&nbsp;<\/p>\n<p>El pont\u00edfice\u00a0\u00abencomienda las almas de los difuntos a la amorosa misericordia del Todopoderoso, yofrece sus oraciones por el personal de emergencia que sigue prestando asistencia\u00bb<\/p>\n<p>\u00abA todos, su Santidad invoca las bendiciones divinas de fortaleza, consuelo y paz\u00bb, concluye.<\/p>\n<p>&nbsp;<\/p>\n<p>El incendio, del que a\u00fan se desconocen las causas, se desat\u00f3 la noche del pasado mi\u00e9rcoles en un hipermercado que hab\u00eda sido inaugurado una semana antes en la ciudad de Kut, al sureste de Bagdad, caus\u00f3 63 fallecidos, seg\u00fan la agencia oficial de noticias iraqu\u00ed INA, adem\u00e1s de 40 heridos.<\/p>\n<p>&nbsp;<\/p>\n<p>El ministro del Interior iraqu\u00ed, Abdulamir al Shammari, dijo que la mayor\u00eda de los fallecidos\u00a0\u00abse asfixiaron en los ba\u00f1os debido al denso humo\u00bb,\u00a0mientras que catorce cad\u00e1veres fueron encontrados\u00a0\u00abcarbonizados\u00bb\u00a0y elogi\u00f3 el trabajo de los equipos de Defensa Civil, que lograron\u00a0\u00abrescatar a m\u00e1s de 45 personas atrapadas en el interior del edificio\u00bb.<\/p>\n<p>&nbsp;<\/p>\n","protected":false},"excerpt":{"rendered":"<p>PAPA LE\u00d3N XIV &#8216;ENTRISTECIDO&#8217; POR EL INCENDIO EN IRAK &nbsp; &nbsp; Le\u00f3n XIV\u00a0se mostr\u00f3 este s\u00e1bado\u00a0\u00abentristecido\u00bb\u00a0por las v\u00edctimas del incendio en un hipermercado de la ciudad iraqu\u00ed de Irak, que caus\u00f3 al menos 60 muertos, y envi\u00f3 su\u00a0\u00absolidaridad espiritual a todos los que est\u00e1n sufriendo los efectos de esta tragedia\u00bb. &nbsp; \u00abEntristecido al ser informado [&hellip;]<\/p>\n","protected":false},"author":1,"featured_media":3870,"comment_status":"open","ping_status":"open","sticky":false,"template":"","format":"standard","meta":{"footnotes":""},"categories":[4],"tags":[],"class_list":["post-3869","post","type-post","status-publish","format-standard","has-post-thumbnail","hentry","category-noticias"],"_links":{"self":[{"href":"https:\/\/trabucoradio.com\/home\/index.php?rest_route=\/wp\/v2\/posts\/3869","targetHints":{"allow":["GET"]}}],"collection":[{"href":"https:\/\/trabucoradio.com\/home\/index.php?rest_route=\/wp\/v2\/posts"}],"about":[{"href":"https:\/\/trabucoradio.com\/home\/index.php?rest_route=\/wp\/v2\/types\/post"}],"author":[{"embeddable":true,"href":"https:\/\/trabucoradio.com\/home\/index.php?rest_route=\/wp\/v2\/users\/1"}],"replies":[{"embeddable":true,"href":"https:\/\/trabucoradio.com\/home\/index.php?rest_route=%2Fwp%2Fv2%2Fcomments&post=3869"}],"version-history":[{"count":1,"href":"https:\/\/trabucoradio.com\/home\/index.php?rest_route=\/wp\/v2\/posts\/3869\/revisions"}],"predecessor-version":[{"id":3871,"href":"https:\/\/trabucoradio.com\/home\/index.php?rest_route=\/wp\/v2\/posts\/3869\/revisions\/3871"}],"wp:featuredmedia":[{"embeddable":true,"href":"https:\/\/trabucoradio.com\/home\/index.php?rest_route=\/wp\/v2\/media\/3870"}],"wp:attachment":[{"href":"https:\/\/trabucoradio.com\/home\/index.php?rest_route=%2Fwp%2Fv2%2Fmedia&parent=3869"}],"wp:term":[{"taxonomy":"category","embeddable":true,"href":"https:\/\/trabucoradio.com\/home\/index.php?rest_route=%2Fwp%2Fv2%2Fcategories&post=3869"},{"taxonomy":"post_tag","embeddable":true,"href":"https:\/\/trabucoradio.com\/home\/index.php?rest_route=%2Fwp%2Fv2%2Ftags&post=3869"}],"curies":[{"name":"wp","href":"https:\/\/api.w.org\/{rel}","templated":true}]}}