{"id":3850,"date":"2025-07-18T15:17:14","date_gmt":"2025-07-18T21:17:14","guid":{"rendered":"https:\/\/trabucoradio.com\/home\/?p=3850"},"modified":"2025-07-18T15:17:14","modified_gmt":"2025-07-18T21:17:14","slug":"participa-en-los-talleres-de-verano-que-tiene-ars-agencia-cultural-y-danzar-para-ti-danza-polinesia-expresion-corporal-y-confeccion-de-titeres","status":"publish","type":"post","link":"https:\/\/trabucoradio.com\/home\/?p=3850","title":{"rendered":"PARTICIPA EN LOS TALLERES DE VERANO QUE TIENE ARS AGENCIA CULTURAL Y DANZAR PARA TI; DANZA POLINESIA, EXPRESI\u00d3N CORPORAL Y CONFECCI\u00d3N DE T\u00cdTERES"},"content":{"rendered":"<div class=\"xdj266r x14z9mp xat24cr x1lziwak x1vvkbs x126k92a\">\n<div dir=\"auto\">PARTICIPA EN LOS TALLERES DE VERANO QUE TIENE ARS AGENCIA CULTURAL Y DANZAR PARA TI; DANZA POLINESIA, EXPRESI\u00d3N CORPORAL Y CONFECCI\u00d3N DE T\u00cdTERES<\/div>\n<\/div>\n<div dir=\"auto\"><\/div>\n<div dir=\"auto\"><\/div>\n<div class=\"xdj266r x14z9mp xat24cr x1lziwak x1vvkbs x126k92a\">\n<div dir=\"auto\"><\/div>\n<\/div>\n<div class=\"x14z9mp xat24cr x1lziwak x1vvkbs xtlvy1s x126k92a\">\n<div dir=\"auto\">Estas vacaciones no te quedes en casa, mejor aprende una actividad nueva, ben\u00e9fica y divertida; ARS Agencia Cultural y Danzar escuela de Artes te invitan a tres grandes talleres de verano. Chicos y grandes pueden inscribirse a cursos de danza p<span class=\"html-span xdj266r x14z9mp xat24cr x1lziwak xexx8yu xyri2b x18d9i69 x1c1uobl x1hl2dhg x16tdsg8 x1vvkbs\">olinesia<\/span>, de expresi\u00f3n <span class=\"html-span xdj266r x14z9mp xat24cr x1lziwak xexx8yu xyri2b x18d9i69 x1c1uobl x1hl2dhg x16tdsg8 x1vvkbs\">corporal<\/span> y confecci\u00f3n de <span class=\"html-span xdj266r x14z9mp xat24cr x1lziwak xexx8yu xyri2b x18d9i69 x1c1uobl x1hl2dhg x16tdsg8 x1vvkbs\">t\u00edteres<\/span>, comun\u00edcate al 9931574345 o 9371231185, inscr\u00edbete al taller que m\u00e1s te guste y obt\u00e9n un descuento.<\/div>\n<div dir=\"auto\"><\/div>\n<\/div>\n<div class=\"x14z9mp xat24cr x1lziwak x1vvkbs xtlvy1s x126k92a\">\n<div dir=\"auto\">Esta tarde, en la cabina de <span class=\"html-span xdj266r x14z9mp xat24cr x1lziwak xexx8yu xyri2b x18d9i69 x1c1uobl x1hl2dhg x16tdsg8 x1vvkbs\"><span class=\"xt0psk2\"><span class=\"xjp7ctv\">Trabuco-Radio<\/span><\/span><\/span> durante el espacio informativo de <span class=\"html-span xdj266r x14z9mp xat24cr x1lziwak xexx8yu xyri2b x18d9i69 x1c1uobl x1hl2dhg x16tdsg8 x1vvkbs\"><span class=\"xt0psk2\"><span class=\"xjp7ctv\">Trabuco Noticias<\/span><\/span><\/span> con <span class=\"html-span xdj266r x14z9mp xat24cr x1lziwak xexx8yu xyri2b x18d9i69 x1c1uobl x1hl2dhg x16tdsg8 x1vvkbs\"><span class=\"xt0psk2\"><span class=\"xjp7ctv\">Yessica Mar\u00edn Ramos<\/span><\/span><\/span>, los maestros Noly M\u00e9rito, Vivian S\u00e1nchez y L\u00e1zaro Hern\u00e1ndez compartieron los detalles de esta oferta cultural, dirigida a ni\u00f1os, j\u00f3venes y adultos. Los talleres se realizar\u00e1n del 28 de julio al 2 de agosto en la calle S\u00e1nchez Magallanes N\u00fam. 6, en <span class=\"html-span xdj266r x14z9mp xat24cr x1lziwak xexx8yu xyri2b x18d9i69 x1c1uobl x1hl2dhg x16tdsg8 x1vvkbs\">C\u00e1rdenas<\/span>.<\/div>\n<\/div>\n<div class=\"x14z9mp xat24cr x1lziwak x1vvkbs xtlvy1s x126k92a\">\n<div dir=\"auto\">Los cursos ser\u00e1n impartidos por profesionales con trayectoria internacional y no requieren experiencia previa. Con un costo de recuperaci\u00f3n accesible, cada uno de ellos est\u00e1 enfocado en fortalecer la expresi\u00f3n oral, corporal y emocional de los participantes, en un ambiente creativo y formativo.<\/div>\n<\/div>\n<div class=\"x14z9mp xat24cr x1lziwak x1vvkbs xtlvy1s x126k92a\">\n<div dir=\"auto\">Informes e inscripciones al whatsapp<\/div>\n<div dir=\"auto\"><\/div>\n<div dir=\"auto\"><span class=\"html-span xdj266r x14z9mp xat24cr x1lziwak xexx8yu xyri2b x18d9i69 x1c1uobl x1hl2dhg x16tdsg8 x1vvkbs\">9371231185<\/span><\/div>\n<\/div>\n","protected":false},"excerpt":{"rendered":"<p>PARTICIPA EN LOS TALLERES DE VERANO QUE TIENE ARS AGENCIA CULTURAL Y DANZAR PARA TI; DANZA POLINESIA, EXPRESI\u00d3N CORPORAL Y CONFECCI\u00d3N DE T\u00cdTERES Estas vacaciones no te quedes en casa, mejor aprende una actividad nueva, ben\u00e9fica y divertida; ARS Agencia Cultural y Danzar escuela de Artes te invitan a tres grandes talleres de verano. Chicos [&hellip;]<\/p>\n","protected":false},"author":1,"featured_media":3851,"comment_status":"open","ping_status":"open","sticky":false,"template":"","format":"standard","meta":{"footnotes":""},"categories":[4],"tags":[],"class_list":["post-3850","post","type-post","status-publish","format-standard","has-post-thumbnail","hentry","category-noticias"],"_links":{"self":[{"href":"https:\/\/trabucoradio.com\/home\/index.php?rest_route=\/wp\/v2\/posts\/3850","targetHints":{"allow":["GET"]}}],"collection":[{"href":"https:\/\/trabucoradio.com\/home\/index.php?rest_route=\/wp\/v2\/posts"}],"about":[{"href":"https:\/\/trabucoradio.com\/home\/index.php?rest_route=\/wp\/v2\/types\/post"}],"author":[{"embeddable":true,"href":"https:\/\/trabucoradio.com\/home\/index.php?rest_route=\/wp\/v2\/users\/1"}],"replies":[{"embeddable":true,"href":"https:\/\/trabucoradio.com\/home\/index.php?rest_route=%2Fwp%2Fv2%2Fcomments&post=3850"}],"version-history":[{"count":1,"href":"https:\/\/trabucoradio.com\/home\/index.php?rest_route=\/wp\/v2\/posts\/3850\/revisions"}],"predecessor-version":[{"id":3852,"href":"https:\/\/trabucoradio.com\/home\/index.php?rest_route=\/wp\/v2\/posts\/3850\/revisions\/3852"}],"wp:featuredmedia":[{"embeddable":true,"href":"https:\/\/trabucoradio.com\/home\/index.php?rest_route=\/wp\/v2\/media\/3851"}],"wp:attachment":[{"href":"https:\/\/trabucoradio.com\/home\/index.php?rest_route=%2Fwp%2Fv2%2Fmedia&parent=3850"}],"wp:term":[{"taxonomy":"category","embeddable":true,"href":"https:\/\/trabucoradio.com\/home\/index.php?rest_route=%2Fwp%2Fv2%2Fcategories&post=3850"},{"taxonomy":"post_tag","embeddable":true,"href":"https:\/\/trabucoradio.com\/home\/index.php?rest_route=%2Fwp%2Fv2%2Ftags&post=3850"}],"curies":[{"name":"wp","href":"https:\/\/api.w.org\/{rel}","templated":true}]}}