{"id":3847,"date":"2025-07-18T15:14:40","date_gmt":"2025-07-18T21:14:40","guid":{"rendered":"https:\/\/trabucoradio.com\/home\/?p=3847"},"modified":"2025-07-18T15:14:40","modified_gmt":"2025-07-18T21:14:40","slug":"alumna-en-chiapas-que-denuncio-acoso-sexual-en-graduacion-habia-denunciado-hace-3-meses","status":"publish","type":"post","link":"https:\/\/trabucoradio.com\/home\/?p=3847","title":{"rendered":"ALUMNA EN CHIAPAS QUE DENUNCI\u00d3 ACOSO SEXUAL EN GRADUACI\u00d3N HAB\u00cdA DENUNCIADO HACE 3 MESES"},"content":{"rendered":"<p>ALUMNA EN CHIAPAS QUE DENUNCI\u00d3 ACOSO SEXUAL EN GRADUACI\u00d3N HAB\u00cdA DENUNCIADO HACE 3 MESES<\/p>\n<p>&nbsp;<\/p>\n<p>La estudiante de la escuela preparatoria Felipe Carrillo Puerto, del municipio de Pijijiapan,\u00a0Chiapas, ya hab\u00eda acudido ante la\u00a0Fiscal\u00eda de Distrito\u00a0desde el 5 de abril de este a\u00f1o, para interponer una denuncia en contra de un maestro que la hostigaba sexualmente, pero la carpeta de investigaci\u00f3n\u00a0qued\u00f3 archivada.<\/p>\n<p>Lo anterior lo dio a conocer la\u00a0abogada de la joven, Lourdes Wong, quien explic\u00f3 que se present\u00f3 una \u201cqueja formal\u201d, con fecha del 9 de abril del 2025, donde se denunciaba el caso de acoso sexual en contra de la alumna.<\/p>\n<p>Mencion\u00f3 que la v\u00edctima decidi\u00f3 pedir la intervenci\u00f3n de las\u00a0autoridades, ya que el director del plantel, cuando se le solicit\u00f3 su apoyo, desestim\u00f3 la\u00a0denuncia. \u201cLa v\u00edctima decidi\u00f3 tomar acciones legales ante la actitud omisa de las autoridades y ante la pretensi\u00f3n de hacerla responsable de los hechos que denunci\u00f3\u201d, dijo la abogada Wong.<\/p>\n<p>A\u00f1adi\u00f3 que espera que la denuncia hecha por la\u00a0estudiante, sirva como un precedente para que no se repitan los hechos en ning\u00fan plantel de Chiapas. \u201cEsperamos que este caso marque un precedente en nuestro estado, para que ning\u00fan ni\u00f1o o adolescente tenga que vivir un tipo de\u00a0violencia\u00a0en nuestras instituciones educativas\u201d, refiri\u00f3.<\/p>\n<p>Cabe mencionar que la\u00a0\u00a0Fiscal\u00eda General del Estado de Chiapas\u00a0anunci\u00f3 que ya fue detenido un docente en Tapachula, cuando intentaba huir del estado a Guatemala. Este maestro fue se\u00f1alado directamente por la estudiante durante la ceremonia de graduaci\u00f3n en el plantel.<\/p>\n<p>&nbsp;<\/p>\n","protected":false},"excerpt":{"rendered":"<p>ALUMNA EN CHIAPAS QUE DENUNCI\u00d3 ACOSO SEXUAL EN GRADUACI\u00d3N HAB\u00cdA DENUNCIADO HACE 3 MESES &nbsp; La estudiante de la escuela preparatoria Felipe Carrillo Puerto, del municipio de Pijijiapan,\u00a0Chiapas, ya hab\u00eda acudido ante la\u00a0Fiscal\u00eda de Distrito\u00a0desde el 5 de abril de este a\u00f1o, para interponer una denuncia en contra de un maestro que la hostigaba sexualmente, [&hellip;]<\/p>\n","protected":false},"author":1,"featured_media":3848,"comment_status":"open","ping_status":"open","sticky":false,"template":"","format":"standard","meta":{"footnotes":""},"categories":[4],"tags":[],"class_list":["post-3847","post","type-post","status-publish","format-standard","has-post-thumbnail","hentry","category-noticias"],"_links":{"self":[{"href":"https:\/\/trabucoradio.com\/home\/index.php?rest_route=\/wp\/v2\/posts\/3847","targetHints":{"allow":["GET"]}}],"collection":[{"href":"https:\/\/trabucoradio.com\/home\/index.php?rest_route=\/wp\/v2\/posts"}],"about":[{"href":"https:\/\/trabucoradio.com\/home\/index.php?rest_route=\/wp\/v2\/types\/post"}],"author":[{"embeddable":true,"href":"https:\/\/trabucoradio.com\/home\/index.php?rest_route=\/wp\/v2\/users\/1"}],"replies":[{"embeddable":true,"href":"https:\/\/trabucoradio.com\/home\/index.php?rest_route=%2Fwp%2Fv2%2Fcomments&post=3847"}],"version-history":[{"count":1,"href":"https:\/\/trabucoradio.com\/home\/index.php?rest_route=\/wp\/v2\/posts\/3847\/revisions"}],"predecessor-version":[{"id":3849,"href":"https:\/\/trabucoradio.com\/home\/index.php?rest_route=\/wp\/v2\/posts\/3847\/revisions\/3849"}],"wp:featuredmedia":[{"embeddable":true,"href":"https:\/\/trabucoradio.com\/home\/index.php?rest_route=\/wp\/v2\/media\/3848"}],"wp:attachment":[{"href":"https:\/\/trabucoradio.com\/home\/index.php?rest_route=%2Fwp%2Fv2%2Fmedia&parent=3847"}],"wp:term":[{"taxonomy":"category","embeddable":true,"href":"https:\/\/trabucoradio.com\/home\/index.php?rest_route=%2Fwp%2Fv2%2Fcategories&post=3847"},{"taxonomy":"post_tag","embeddable":true,"href":"https:\/\/trabucoradio.com\/home\/index.php?rest_route=%2Fwp%2Fv2%2Ftags&post=3847"}],"curies":[{"name":"wp","href":"https:\/\/api.w.org\/{rel}","templated":true}]}}