{"id":3840,"date":"2025-07-17T16:23:32","date_gmt":"2025-07-17T22:23:32","guid":{"rendered":"https:\/\/trabucoradio.com\/home\/?p=3840"},"modified":"2025-07-17T16:23:32","modified_gmt":"2025-07-17T22:23:32","slug":"los-primeros-nombres-de-las-calles-de-cardenas-ezequiel-luna","status":"publish","type":"post","link":"https:\/\/trabucoradio.com\/home\/?p=3840","title":{"rendered":"LOS PRIMEROS NOMBRES DE LAS CALLES DE C\u00c1RDENAS: EZEQUIEL LUNA\u00a0"},"content":{"rendered":"<p>LOS PRIMEROS NOMBRES DE LAS CALLES DE C\u00c1RDENAS: EZEQUIEL LUNA<\/p>\n<p>&nbsp;<\/p>\n<p>&nbsp;<\/p>\n<p>&nbsp;<\/p>\n<div class=\"x14z9mp xat24cr x1lziwak x1vvkbs xtlvy1s x126k92a\">\n<div dir=\"auto\">Como todos los jueves, el cronista tiene la palabra en <span class=\"html-span xdj266r x14z9mp xat24cr x1lziwak xexx8yu xyri2b x18d9i69 x1c1uobl x1hl2dhg x16tdsg8 x1vvkbs\"><span class=\"xt0psk2\"><span class=\"xjp7ctv\">Trabuco Noticias<\/span><\/span><\/span>, en esta ocasi\u00f3n<span class=\"html-span xdj266r x14z9mp xat24cr x1lziwak xexx8yu xyri2b x18d9i69 x1c1uobl x1hl2dhg x16tdsg8 x1vvkbs\"><span class=\"xt0psk2\"><span class=\"xjp7ctv\"> Ezequiel Luna Aria<\/span><\/span><\/span>s tom\u00f3 la palabra para compartir un valioso recuento hist\u00f3rico sobre la evoluci\u00f3n de los nombres de las calles del municipio de<span class=\"html-span xdj266r x14z9mp xat24cr x1lziwak xexx8yu xyri2b x18d9i69 x1c1uobl x1hl2dhg x16tdsg8 x1vvkbs\"> C\u00e1rdena<\/span>s.<\/div>\n<div dir=\"auto\"><\/div>\n<\/div>\n<div class=\"x14z9mp xat24cr x1lziwak x1vvkbs xtlvy1s x126k92a\">\n<div dir=\"auto\">Durante su intervenci\u00f3n, el cronista oficial de la Heroica C\u00e1rdenas destac\u00f3 la relevancia de conocer el origen del trazado urbano local, ya que las calles no solo cumplen una funci\u00f3n pr\u00e1ctica en nuestra vida cotidiana al servir como v\u00eda de comunicaci\u00f3n, transporte y comercio, sino que tambi\u00e9n son una expresi\u00f3n viva de la historia, la tradici\u00f3n y la identidad de la comunidad.<\/div>\n<\/div>\n<div class=\"x14z9mp xat24cr x1lziwak x1vvkbs xtlvy1s x126k92a\">\n<div dir=\"auto\">El tambi\u00e9n economista Luna Arias comparti\u00f3 una lista de algunas calles emblem\u00e1ticas del municipio, se\u00f1alando c\u00f3mo han cambiado sus nombres a lo largo del tiempo:<\/div>\n<div dir=\"auto\"><\/div>\n<\/div>\n<div class=\"x14z9mp xat24cr x1lziwak x1vvkbs xtlvy1s x126k92a\">\n<div dir=\"auto\">\u2022La calle Francisco Trujillo Burria fue originalmente denominada Libertad.<\/div>\n<\/div>\n<div class=\"x14z9mp xat24cr x1lziwak x1vvkbs xtlvy1s x126k92a\">\n<div dir=\"auto\">\u2022Candelario Priego llevaba antes el nombre de Puerto Escondido.<\/div>\n<\/div>\n<div class=\"x14z9mp xat24cr x1lziwak x1vvkbs xtlvy1s x126k92a\">\n<div dir=\"auto\">\u2022La actual Ernesto Aguirre Colorado fue conocida primero como 2 de noviembre.<\/div>\n<\/div>\n<div class=\"x14z9mp xat24cr x1lziwak x1vvkbs xtlvy1s x126k92a\">\n<div dir=\"auto\">\u2022La calle Miguel Orrico de los Llanos se llam\u00f3 en un principio Alba.<\/div>\n<\/div>\n<div class=\"x14z9mp xat24cr x1lziwak x1vvkbs xtlvy1s x126k92a\">\n<div dir=\"auto\">\u2022No\u00e9 de la Flor tuvo inicialmente el nombre de Tizoc, y durante la \u00e9poca de las Olimpiadas fue rebautizada como la Ol\u00edmpica.<\/div>\n<\/div>\n<div class=\"x14z9mp xat24cr x1lziwak x1vvkbs xtlvy1s x126k92a\">\n<div dir=\"auto\">\u2022Lo que hoy es la conocida \u201cRemodelada\u201d, formalmente calle Morelos, fue anteriormente la calle Maxtla.<\/div>\n<\/div>\n<div class=\"x14z9mp xat24cr x1lziwak x1vvkbs xtlvy1s x126k92a\">\n<div dir=\"auto\">\u2022Finalmente, la calle Gral. Aurelio L. Calles se llam\u00f3 en otro tiempo Maclovio Herrera.<\/div>\n<div dir=\"auto\"><\/div>\n<\/div>\n<div class=\"x14z9mp xat24cr x1lziwak x1vvkbs xtlvy1s x126k92a\">\n<div dir=\"auto\">En ese sentido, Ezequiel Luna hizo un llamado a valorar y cuidar estos espacios, ya que forman parte del patrimonio colectivo, afirm\u00f3.<\/div>\n<\/div>\n","protected":false},"excerpt":{"rendered":"<p>LOS PRIMEROS NOMBRES DE LAS CALLES DE C\u00c1RDENAS: EZEQUIEL LUNA &nbsp; &nbsp; &nbsp; Como todos los jueves, el cronista tiene la palabra en Trabuco Noticias, en esta ocasi\u00f3n Ezequiel Luna Arias tom\u00f3 la palabra para compartir un valioso recuento hist\u00f3rico sobre la evoluci\u00f3n de los nombres de las calles del municipio de C\u00e1rdenas. Durante su [&hellip;]<\/p>\n","protected":false},"author":1,"featured_media":3841,"comment_status":"open","ping_status":"open","sticky":false,"template":"","format":"standard","meta":{"footnotes":""},"categories":[4],"tags":[],"class_list":["post-3840","post","type-post","status-publish","format-standard","has-post-thumbnail","hentry","category-noticias"],"_links":{"self":[{"href":"https:\/\/trabucoradio.com\/home\/index.php?rest_route=\/wp\/v2\/posts\/3840","targetHints":{"allow":["GET"]}}],"collection":[{"href":"https:\/\/trabucoradio.com\/home\/index.php?rest_route=\/wp\/v2\/posts"}],"about":[{"href":"https:\/\/trabucoradio.com\/home\/index.php?rest_route=\/wp\/v2\/types\/post"}],"author":[{"embeddable":true,"href":"https:\/\/trabucoradio.com\/home\/index.php?rest_route=\/wp\/v2\/users\/1"}],"replies":[{"embeddable":true,"href":"https:\/\/trabucoradio.com\/home\/index.php?rest_route=%2Fwp%2Fv2%2Fcomments&post=3840"}],"version-history":[{"count":1,"href":"https:\/\/trabucoradio.com\/home\/index.php?rest_route=\/wp\/v2\/posts\/3840\/revisions"}],"predecessor-version":[{"id":3842,"href":"https:\/\/trabucoradio.com\/home\/index.php?rest_route=\/wp\/v2\/posts\/3840\/revisions\/3842"}],"wp:featuredmedia":[{"embeddable":true,"href":"https:\/\/trabucoradio.com\/home\/index.php?rest_route=\/wp\/v2\/media\/3841"}],"wp:attachment":[{"href":"https:\/\/trabucoradio.com\/home\/index.php?rest_route=%2Fwp%2Fv2%2Fmedia&parent=3840"}],"wp:term":[{"taxonomy":"category","embeddable":true,"href":"https:\/\/trabucoradio.com\/home\/index.php?rest_route=%2Fwp%2Fv2%2Fcategories&post=3840"},{"taxonomy":"post_tag","embeddable":true,"href":"https:\/\/trabucoradio.com\/home\/index.php?rest_route=%2Fwp%2Fv2%2Ftags&post=3840"}],"curies":[{"name":"wp","href":"https:\/\/api.w.org\/{rel}","templated":true}]}}