{"id":3833,"date":"2025-07-17T10:42:19","date_gmt":"2025-07-17T16:42:19","guid":{"rendered":"https:\/\/trabucoradio.com\/home\/?p=3833"},"modified":"2025-07-17T10:42:19","modified_gmt":"2025-07-17T16:42:19","slug":"con-el-termometro-en-40-c-algunas-regiones-de-sonora-tambien-esperan-lluvias","status":"publish","type":"post","link":"https:\/\/trabucoradio.com\/home\/?p=3833","title":{"rendered":"CON EL TERM\u00d3METRO EN 40 \u00b0C, ALGUNAS REGIONES DE SONORA TAMBI\u00c9N ESPERAN LLUVIAS"},"content":{"rendered":"<p>CON EL TERM\u00d3METRO EN 40 \u00b0C, ALGUNAS REGIONES DE SONORA TAMBI\u00c9N ESPERAN LLUVIAS<\/p>\n<p>&nbsp;<\/p>\n<p>&nbsp;<\/p>\n<p>En Sonora se mantendr\u00e1n las condiciones propicias para lluvias fuertes a muy fuertes y acompa\u00f1adas de descargas el\u00e9ctricas por la tarde, esto debido a la acci\u00f3n del monz\u00f3n mexicano, inform\u00f3 la Coordinaci\u00f3n Estatal de Protecci\u00f3n Civil (CEPC).<\/p>\n<p>&nbsp;<\/p>\n<p>La dependencia indic\u00f3 que con base en datos del Servicio Meteorol\u00f3gico Nacional y fuentes oficiales de los Estados Unidos, se prev\u00e9 un ambiente caluroso a muy caluroso en gran parte de Sonora, con temperaturas m\u00e1ximas de entre 40 y 45 \u00b0C, principalmente en valles y zonas del Noroeste del estado.<\/p>\n<p>&nbsp;<\/p>\n<p>Hermosillo alcanzar\u00e1 una temperatura m\u00e1xima de 40 \u00b0C, con cielos despejados y solamente una probabilidad de lluvia del 10 %. En San Luis R\u00edo Colorado se espera una m\u00e1xima de 39 \u00b0C y cielo despejado, sin probabilidad de lluvia. Guaymas tendr\u00e1 una m\u00e1xima de 34 \u00b0C, tambi\u00e9n con cielo despejado y sin precipitaciones.<\/p>\n<p>&nbsp;<\/p>\n<p>Para Ciudad Obreg\u00f3n y Navojoa se esperan bajas probabilidades de lluvia con un 10 % y temperaturas m\u00e1ximas de 40 \u00b0C.<\/p>\n<p>&nbsp;<\/p>\n<p>Nogales tendr\u00e1 una temperatura m\u00e1xima de 31 \u00b0C y cielo parcialmente nublado. En Agua Prieta se espera una m\u00e1xima de 33 \u00b0C, con cielo parcialmente nublado y 20 % de probabilidad de precipitaci\u00f3n.<\/p>\n","protected":false},"excerpt":{"rendered":"<p>CON EL TERM\u00d3METRO EN 40 \u00b0C, ALGUNAS REGIONES DE SONORA TAMBI\u00c9N ESPERAN LLUVIAS &nbsp; &nbsp; En Sonora se mantendr\u00e1n las condiciones propicias para lluvias fuertes a muy fuertes y acompa\u00f1adas de descargas el\u00e9ctricas por la tarde, esto debido a la acci\u00f3n del monz\u00f3n mexicano, inform\u00f3 la Coordinaci\u00f3n Estatal de Protecci\u00f3n Civil (CEPC). &nbsp; La dependencia [&hellip;]<\/p>\n","protected":false},"author":1,"featured_media":3834,"comment_status":"open","ping_status":"open","sticky":false,"template":"","format":"standard","meta":{"footnotes":""},"categories":[4],"tags":[],"class_list":["post-3833","post","type-post","status-publish","format-standard","has-post-thumbnail","hentry","category-noticias"],"_links":{"self":[{"href":"https:\/\/trabucoradio.com\/home\/index.php?rest_route=\/wp\/v2\/posts\/3833","targetHints":{"allow":["GET"]}}],"collection":[{"href":"https:\/\/trabucoradio.com\/home\/index.php?rest_route=\/wp\/v2\/posts"}],"about":[{"href":"https:\/\/trabucoradio.com\/home\/index.php?rest_route=\/wp\/v2\/types\/post"}],"author":[{"embeddable":true,"href":"https:\/\/trabucoradio.com\/home\/index.php?rest_route=\/wp\/v2\/users\/1"}],"replies":[{"embeddable":true,"href":"https:\/\/trabucoradio.com\/home\/index.php?rest_route=%2Fwp%2Fv2%2Fcomments&post=3833"}],"version-history":[{"count":1,"href":"https:\/\/trabucoradio.com\/home\/index.php?rest_route=\/wp\/v2\/posts\/3833\/revisions"}],"predecessor-version":[{"id":3835,"href":"https:\/\/trabucoradio.com\/home\/index.php?rest_route=\/wp\/v2\/posts\/3833\/revisions\/3835"}],"wp:featuredmedia":[{"embeddable":true,"href":"https:\/\/trabucoradio.com\/home\/index.php?rest_route=\/wp\/v2\/media\/3834"}],"wp:attachment":[{"href":"https:\/\/trabucoradio.com\/home\/index.php?rest_route=%2Fwp%2Fv2%2Fmedia&parent=3833"}],"wp:term":[{"taxonomy":"category","embeddable":true,"href":"https:\/\/trabucoradio.com\/home\/index.php?rest_route=%2Fwp%2Fv2%2Fcategories&post=3833"},{"taxonomy":"post_tag","embeddable":true,"href":"https:\/\/trabucoradio.com\/home\/index.php?rest_route=%2Fwp%2Fv2%2Ftags&post=3833"}],"curies":[{"name":"wp","href":"https:\/\/api.w.org\/{rel}","templated":true}]}}