{"id":3821,"date":"2025-07-17T09:43:15","date_gmt":"2025-07-17T15:43:15","guid":{"rendered":"https:\/\/trabucoradio.com\/home\/?p=3821"},"modified":"2025-07-17T09:43:15","modified_gmt":"2025-07-17T15:43:15","slug":"cierre-de-eu-al-ganado-mexicano-tiene-trasfondo-politico-dice-claudia-sheinbaum","status":"publish","type":"post","link":"https:\/\/trabucoradio.com\/home\/?p=3821","title":{"rendered":"CIERRE DE EU AL GANADO MEXICANO TIENE TRASFONDO POL\u00cdTICO, DICE CLAUDIA SHEINBAUM"},"content":{"rendered":"<p>CIERRE DE EU AL GANADO MEXICANO TIENE TRASFONDO POL\u00cdTICO, DICE CLAUDIA SHEINBAUM<\/p>\n<p>&nbsp;<\/p>\n<p>La presidenta Claudia Sheinbaum Pardo demand\u00f3 al gobierno de Estados Unidos exponer cu\u00e1les son los indicadores de sanidad para mantener cerrada la frontera al ganado mexicano por la plaga del gusano barrenador.<\/p>\n<p>En la parte t\u00e9cnica, afirm\u00f3, no observa problemas pol\u00edticos para mantener la decisi\u00f3n de impedir el paso del ganado a territorio estadunidense; sin embargo, advirti\u00f3 que en el \u00e1mbito electoral, s\u00ed hay algunos miembros del gabinete de su hom\u00f3logo Donald Trump que tienen un trasfondo pol\u00edtico en el que utilizan a M\u00e9xico en su beneficio us\u00e1ndose el asunto de esta plaga.<\/p>\n<p>En la ma\u00f1anera de este jueves en Palacio Nacional, la mandataria federal inform\u00f3 que ayer el titular de la Secretar\u00eda de Agricultura, Julio Berdegu\u00e9, dialogo con su par estadunidense, Brooke Rollins, para continuar con las negociaciones para abrir la frontera, cerrada desde mayo.<\/p>\n<p>\u201cQu\u00e9 decimos nosotros y qu\u00e9 hemos hecho, porque hemos hecho much\u00edsimo, para controlar gusano: se tienen filtros, hay veterinarios revisando, lavado de los animales, varias acciones que se tienen. \u00bfQu\u00e9 pedimos en t\u00e9rminos t\u00e9cnicos? No veo problema pol\u00edtico en t\u00e9rminos t\u00e9cnicos, (pedimos) que quede perfectamente claro cu\u00e1les son los indicadores para que ellos cierren la frontera, cu\u00e1les son indicadores de sanidad\u201d.<\/p>\n<p>Detall\u00f3 que un grupo especializado de los dos pa\u00edses ha trabajado en ese sentido.<\/p>\n<p>Cuestion\u00f3 el por qu\u00e9 impedir el paso del ganado que proviene de estados del norte del pa\u00eds, cuando se encuentran a m\u00e1s de mil kil\u00f3metros de distancia de la entidad del sur en la que se detect\u00f3 la plaga.<\/p>\n<p>\u201cEstamos pidiendo indicadores claros, t\u00e9cnicos, para que sea el argumento del Departamento de Agricultura y de la Sader en M\u00e9xico\u201d.<br \/>\nSe avanza en un acuerdo, dijo, y se deben revisar totalmente los indicadores t\u00e9cnicos a fin de que los convenios se den a largo plazo y no haya pretextos para cerrar la frontera un d\u00eda s\u00ed, y al otro se abre y despu\u00e9s se vuelve a cerrar.<\/p>\n<p>Sin embargo, plante\u00f3 la jefa del Ejecutivo, en el \u00e1mbito pol\u00edtico-electoral, s\u00ed observa motivaciones de varios sectores de la administraci\u00f3n del magnate para usar a M\u00e9xico en su favor.<\/p>\n<p>\u201cPienso que de algunos miembros del gabinete del presidente Trump s\u00ed hay un tema m\u00e1s pol\u00edtico. En algunos casos podr\u00eda pensarse es un tema pol\u00edtico contra M\u00e9xico, pero recuerden que vienen elecciones en Estados Unidos en un a\u00f1o; entonces, pues distintos protagonistas que quieren ser gobernador, senador, diputado, utilizan a veces estas acciones de manera muy medi\u00e1tica en su pa\u00eds.<\/p>\n<p>\u201c\u00bfQu\u00e9 decimos? Que no tomen a M\u00e9xico como pi\u00f1ata, que si quieren competir all\u00e1, resuelvan los problemas de all\u00e1 que bastantes tienen, que no utilicen a M\u00e9xico\u201d.<\/p>\n<p>Sobre la planta para producir la llamada mosca est\u00e9ril \u2014que es una manera natural de contrarrestar la plaga de gusano barrenador\u2014, dijo que Estados Unidos aportar\u00e1 30 millones de d\u00f3lares para su instalaci\u00f3n, la cual se concretar\u00e1 entre 10 y 11 meses.<\/p>\n<p>&nbsp;<\/p>\n","protected":false},"excerpt":{"rendered":"<p>CIERRE DE EU AL GANADO MEXICANO TIENE TRASFONDO POL\u00cdTICO, DICE CLAUDIA SHEINBAUM &nbsp; La presidenta Claudia Sheinbaum Pardo demand\u00f3 al gobierno de Estados Unidos exponer cu\u00e1les son los indicadores de sanidad para mantener cerrada la frontera al ganado mexicano por la plaga del gusano barrenador. En la parte t\u00e9cnica, afirm\u00f3, no observa problemas pol\u00edticos para [&hellip;]<\/p>\n","protected":false},"author":1,"featured_media":3822,"comment_status":"open","ping_status":"open","sticky":false,"template":"","format":"standard","meta":{"footnotes":""},"categories":[4],"tags":[],"class_list":["post-3821","post","type-post","status-publish","format-standard","has-post-thumbnail","hentry","category-noticias"],"_links":{"self":[{"href":"https:\/\/trabucoradio.com\/home\/index.php?rest_route=\/wp\/v2\/posts\/3821","targetHints":{"allow":["GET"]}}],"collection":[{"href":"https:\/\/trabucoradio.com\/home\/index.php?rest_route=\/wp\/v2\/posts"}],"about":[{"href":"https:\/\/trabucoradio.com\/home\/index.php?rest_route=\/wp\/v2\/types\/post"}],"author":[{"embeddable":true,"href":"https:\/\/trabucoradio.com\/home\/index.php?rest_route=\/wp\/v2\/users\/1"}],"replies":[{"embeddable":true,"href":"https:\/\/trabucoradio.com\/home\/index.php?rest_route=%2Fwp%2Fv2%2Fcomments&post=3821"}],"version-history":[{"count":1,"href":"https:\/\/trabucoradio.com\/home\/index.php?rest_route=\/wp\/v2\/posts\/3821\/revisions"}],"predecessor-version":[{"id":3823,"href":"https:\/\/trabucoradio.com\/home\/index.php?rest_route=\/wp\/v2\/posts\/3821\/revisions\/3823"}],"wp:featuredmedia":[{"embeddable":true,"href":"https:\/\/trabucoradio.com\/home\/index.php?rest_route=\/wp\/v2\/media\/3822"}],"wp:attachment":[{"href":"https:\/\/trabucoradio.com\/home\/index.php?rest_route=%2Fwp%2Fv2%2Fmedia&parent=3821"}],"wp:term":[{"taxonomy":"category","embeddable":true,"href":"https:\/\/trabucoradio.com\/home\/index.php?rest_route=%2Fwp%2Fv2%2Fcategories&post=3821"},{"taxonomy":"post_tag","embeddable":true,"href":"https:\/\/trabucoradio.com\/home\/index.php?rest_route=%2Fwp%2Fv2%2Ftags&post=3821"}],"curies":[{"name":"wp","href":"https:\/\/api.w.org\/{rel}","templated":true}]}}