{"id":382,"date":"2024-05-06T16:17:40","date_gmt":"2024-05-06T22:17:40","guid":{"rendered":"https:\/\/trabucoradio.com\/home\/?p=382"},"modified":"2024-05-06T16:17:40","modified_gmt":"2024-05-06T22:17:40","slug":"euclides-alejandro-lider-de-las-encuestas-en-cardenas-camus-analitica-mx%f0%9f%91%87%f0%9f%93%a3","status":"publish","type":"post","link":"https:\/\/trabucoradio.com\/home\/?p=382","title":{"rendered":"EUCLIDES ALEJANDRO L\u00cdDER DE LAS ENCUESTAS EN C\u00c1RDENAS: CAMUS ANAL\u00cdTICA MX\ud83d\udc47\ud83d\udce3"},"content":{"rendered":"<p>EUCLIDES ALEJANDRO L\u00cdDER DE LAS ENCUESTAS EN C\u00c1RDENAS: CAMUS ANAL\u00cdTICA MX\ud83d\udc47\ud83d\udce3<\/p>\n<p>Seg\u00fan datos de la casa encuestadora Camus Anal\u00edtica MX, el candidato morenista, Euclides Alejandro Alejandro contin\u00faa posicion\u00e1ndose en los primeros lugares de las encuestas para ser el pr\u00f3ximo alcalde de #Ca\u0301rdenas, en el sondeo correspondiente al mes de abril, el abanderado de Morena S\u00ed y Partido Verde Ecologista M\u00e9xico, alcanz\u00f3 el 62.80% de las preferencias ciudadanas, 2.8% puntos m\u00e1s que el mes pasado. <\/p>\n<p>Esta encuesta fue aplicada a una muestra representativa de 2.500 personas en el \u00e1rea urbano\/rural del municipio de C\u00e1rdenas, del 29 de abril al 05 de mayo de 2024, tiene un margen de error del 2.0% y un nivel de confiabilidad del 95%.<br \/>\nCon estos datos de Camus Anal\u00edtica MX queda evidenciado el gran respaldo que tiene Euclides Alejandro Alejandro para suceder a Mar\u00eda Ester Zapata Zapata en el Ayuntamiento de C\u00e1rdenas.<\/p>\n<p>En segundo lugar de la encuesta se encuentra el abanderado del PRD, Tom\u00e1s Brito Lara con el 12.8% de aceptaci\u00f3n, seguido de Juan Carlos Guzm\u00e1n Correa candidato independiente con 6.4% puntos, en cuarto lugar Eufemia L\u00f3pez con el 4.4% y en quinto lugar Lizet Carolina Unda con  3.9% puntos. <\/p>\n","protected":false},"excerpt":{"rendered":"<p>EUCLIDES ALEJANDRO L\u00cdDER DE LAS ENCUESTAS EN C\u00c1RDENAS: CAMUS ANAL\u00cdTICA MX\ud83d\udc47\ud83d\udce3 Seg\u00fan datos de la casa encuestadora Camus Anal\u00edtica MX, el candidato morenista, Euclides Alejandro Alejandro contin\u00faa posicion\u00e1ndose en los primeros lugares de las encuestas para ser el pr\u00f3ximo alcalde de #Ca\u0301rdenas, en el sondeo correspondiente al mes de abril, el abanderado de Morena S\u00ed [&hellip;]<\/p>\n","protected":false},"author":1,"featured_media":384,"comment_status":"open","ping_status":"open","sticky":false,"template":"","format":"standard","meta":{"footnotes":""},"categories":[3],"tags":[],"class_list":["post-382","post","type-post","status-publish","format-standard","has-post-thumbnail","hentry","category-politica"],"_links":{"self":[{"href":"https:\/\/trabucoradio.com\/home\/index.php?rest_route=\/wp\/v2\/posts\/382","targetHints":{"allow":["GET"]}}],"collection":[{"href":"https:\/\/trabucoradio.com\/home\/index.php?rest_route=\/wp\/v2\/posts"}],"about":[{"href":"https:\/\/trabucoradio.com\/home\/index.php?rest_route=\/wp\/v2\/types\/post"}],"author":[{"embeddable":true,"href":"https:\/\/trabucoradio.com\/home\/index.php?rest_route=\/wp\/v2\/users\/1"}],"replies":[{"embeddable":true,"href":"https:\/\/trabucoradio.com\/home\/index.php?rest_route=%2Fwp%2Fv2%2Fcomments&post=382"}],"version-history":[{"count":1,"href":"https:\/\/trabucoradio.com\/home\/index.php?rest_route=\/wp\/v2\/posts\/382\/revisions"}],"predecessor-version":[{"id":385,"href":"https:\/\/trabucoradio.com\/home\/index.php?rest_route=\/wp\/v2\/posts\/382\/revisions\/385"}],"wp:featuredmedia":[{"embeddable":true,"href":"https:\/\/trabucoradio.com\/home\/index.php?rest_route=\/wp\/v2\/media\/384"}],"wp:attachment":[{"href":"https:\/\/trabucoradio.com\/home\/index.php?rest_route=%2Fwp%2Fv2%2Fmedia&parent=382"}],"wp:term":[{"taxonomy":"category","embeddable":true,"href":"https:\/\/trabucoradio.com\/home\/index.php?rest_route=%2Fwp%2Fv2%2Fcategories&post=382"},{"taxonomy":"post_tag","embeddable":true,"href":"https:\/\/trabucoradio.com\/home\/index.php?rest_route=%2Fwp%2Fv2%2Ftags&post=382"}],"curies":[{"name":"wp","href":"https:\/\/api.w.org\/{rel}","templated":true}]}}