{"id":3818,"date":"2025-07-17T09:40:59","date_gmt":"2025-07-17T15:40:59","guid":{"rendered":"https:\/\/trabucoradio.com\/home\/?p=3818"},"modified":"2025-07-17T09:40:59","modified_gmt":"2025-07-17T15:40:59","slug":"destaca-gobierno-estrategia-para-enfrentar-mayor-demanda-de-electricidad","status":"publish","type":"post","link":"https:\/\/trabucoradio.com\/home\/?p=3818","title":{"rendered":"DESTACA GOBIERNO ESTRATEGIA PARA ENFRENTAR MAYOR DEMANDA DE ELECTRICIDAD"},"content":{"rendered":"<p>DESTACA GOBIERNO ESTRATEGIA PARA ENFRENTAR MAYOR DEMANDA DE ELECTRICIDAD<\/p>\n<p>&nbsp;<\/p>\n<p>&nbsp;<\/p>\n<p>Para hacer frente al aumento de la necesidad de energ\u00eda el\u00e9ctrica en los momentos de mayor temperatura clim\u00e1tica en el pa\u00eds, el gobierno federal puso en marcha una estrategia que le ha permitido contar con la reserva suficiente para atender los \u201cpicos\u201d de demanda.<\/p>\n<p>La reserva creci\u00f3 de 2024 a 2025, de 6 a 12 por ciento por \u201cuna mejor planeaci\u00f3n\u201d en su mantenimiento y dos nuevas plantas de generaci\u00f3n. Adem\u00e1s, est\u00e1n programadas nuevas plantas de generaci\u00f3n entre el presente a\u00f1o y 2027, explic\u00f3 la presidenta Claudia Sheinbaum Pardo.<\/p>\n<p>\u201cHay recursos, hay capacidad t\u00e9cnica, y no va a faltar la energ\u00eda. Ni falta, ni va a faltar\u201d, recalc\u00f3 la mandataria en su conferencia de prensa diaria en Palacio Nacional.<\/p>\n<p>Emilia Esther Calleja Alor, directora general de la Comisi\u00f3n Federal de Electricidad (CFE), sostuvo que no ha habido apagones, sino interrupciones por fen\u00f3menos meteorol\u00f3gicos y accidentes viales o temas no previsibles.<\/p>\n<p>\u201cSi hay interrupci\u00f3n de la electricidad, en este momento no tiene que ver por falta de producci\u00f3n de electricidad. Puede haber otros motivos: un problema en la red de distribuci\u00f3n o de transmisi\u00f3n\u201d, subray\u00f3 la presidenta Sheinbaum Pardo.<\/p>\n<p>Al presentar un informe sobre este tema en la \u201cma\u00f1anera\u201d de este jueves, Luz Elena Gonz\u00e1lez Escobar, secretaria de Energ\u00eda, refiri\u00f3 que la presidenta pidi\u00f3 atender la demanda de energ\u00eda, principalmente en los meses en que se incrementa. Para garantizar el suministro el\u00e9ctrico se plante\u00f3 una estrategia para atender las posibles causas en el corto plazo que pueden generar una interrupci\u00f3n.<\/p>\n<p>Detall\u00f3 que se puede deber a la falta de generaci\u00f3n de energ\u00eda, as\u00ed como problemas de suministro por da\u00f1os o problemas de la infraestructura. Adem\u00e1s, agreg\u00f3, hay causas no previsibles pero que pueden ser atendibles, como fen\u00f3menos clim\u00e1ticos extremos, sismos o da\u00f1os directos.<\/p>\n<p>Ante ello se estableci\u00f3 una estrategia con base en cuatro ejes implementada desde diciembre pasado. Primero, dijo, se defini\u00f3 una coordinaci\u00f3n con el sector entre todas las dependencias involucradas en la generaci\u00f3n y distribuci\u00f3n de energ\u00eda el\u00e9ctrica, as\u00ed como con los estados del pa\u00eds.<\/p>\n<p>La segunda estrategia es el seguimiento puntual de mantenimiento para evitar que se realicen acciones de mantenimiento en el momento en que se requiere mayor energ\u00eda. La tercera estrategia consiste en reforzar las l\u00edneas de distribuci\u00f3n y transmisi\u00f3n que en el pa\u00eds se extiende a trav\u00e9s de miles de kil\u00f3metros.<\/p>\n<p>El cuarto eje consiste es la optimizaci\u00f3n y estrategia del abasto de combustible a las plantas generadoras.<\/p>\n<p>Ante ello, destac\u00f3 que el margen de reserva operativo ha estado arriba de 12 por ciento, se trata de la capacidad adicional del sistema para generar electricidad ante un aumento de la demanda. Apunt\u00f3 que a nivel nacional \u201cse estima que los picos de m\u00e1xima demanda ya ocurrieron en las semanas pasadas\u201d, y se espera que las temperaturas comiencen a estabilizarse, con una reducci\u00f3n de la demanda.<\/p>\n<p>En conjunto, para reforzar el sistema, en los pr\u00f3ximos tres a\u00f1os se incorporar\u00e1n m\u00e1s de 6 mil MW adicionales de energ\u00eda, con plantas de generaci\u00f3n programadas para iniciar operaciones entre 2025 y 2027. Adicionalmente, para el plan de fortalecimiento se licitaron las primeras cuatro plantas.<\/p>\n<p>Al reiterar que en estos momentos, el sistema el\u00e9ctrico nacional est\u00e1 generando la capacidad necesaria para atender las necesidades, expuso que se han presentado \u00abeventos no previsibles\u201d por huracanes, en los que se restableci\u00f3 el servicio en su totalidad.<\/p>\n<p>En tanto, en Mexicali hubo una afectaci\u00f3n por poda de \u00e1rboles y por fauna, as\u00ed como el derrumbe de una l\u00ednea completa que ya se restableci\u00f3.<\/p>\n<p>Por su parte, la directora general de la CFE dijo que se han optimizado tiempos de respuesta y se han inyectado m\u00e1s MW a la red. Sobre la generaci\u00f3n de energ\u00eda, indic\u00f3 que el margen de reserva operativa est\u00e1 por arriba de lo solicitado por el Centro Nacional de Control de Energ\u00eda (Cenace).<\/p>\n<p>Calleja Alor insisti\u00f3 que en el periodo de abril a la fecha no se ha presentado alguna emergencia por demanda. Afirm\u00f3 que la capacidad del margen de reserva operativa se obtuvo gracias a \u201cdar continuidad a las acciones iniciadas desde la administraci\u00f3n anterior\u201d en conjunto con nuevas estrategias. Sobre la transmisi\u00f3n de la energ\u00eda, asegur\u00f3 que \u00e9sta se encuentra en 99.5 por ciento en sus m\u00e1s de 111 mil kil\u00f3metros.<\/p>\n","protected":false},"excerpt":{"rendered":"<p>DESTACA GOBIERNO ESTRATEGIA PARA ENFRENTAR MAYOR DEMANDA DE ELECTRICIDAD &nbsp; &nbsp; Para hacer frente al aumento de la necesidad de energ\u00eda el\u00e9ctrica en los momentos de mayor temperatura clim\u00e1tica en el pa\u00eds, el gobierno federal puso en marcha una estrategia que le ha permitido contar con la reserva suficiente para atender los \u201cpicos\u201d de demanda. [&hellip;]<\/p>\n","protected":false},"author":1,"featured_media":3819,"comment_status":"open","ping_status":"open","sticky":false,"template":"","format":"standard","meta":{"footnotes":""},"categories":[4],"tags":[],"class_list":["post-3818","post","type-post","status-publish","format-standard","has-post-thumbnail","hentry","category-noticias"],"_links":{"self":[{"href":"https:\/\/trabucoradio.com\/home\/index.php?rest_route=\/wp\/v2\/posts\/3818","targetHints":{"allow":["GET"]}}],"collection":[{"href":"https:\/\/trabucoradio.com\/home\/index.php?rest_route=\/wp\/v2\/posts"}],"about":[{"href":"https:\/\/trabucoradio.com\/home\/index.php?rest_route=\/wp\/v2\/types\/post"}],"author":[{"embeddable":true,"href":"https:\/\/trabucoradio.com\/home\/index.php?rest_route=\/wp\/v2\/users\/1"}],"replies":[{"embeddable":true,"href":"https:\/\/trabucoradio.com\/home\/index.php?rest_route=%2Fwp%2Fv2%2Fcomments&post=3818"}],"version-history":[{"count":1,"href":"https:\/\/trabucoradio.com\/home\/index.php?rest_route=\/wp\/v2\/posts\/3818\/revisions"}],"predecessor-version":[{"id":3820,"href":"https:\/\/trabucoradio.com\/home\/index.php?rest_route=\/wp\/v2\/posts\/3818\/revisions\/3820"}],"wp:featuredmedia":[{"embeddable":true,"href":"https:\/\/trabucoradio.com\/home\/index.php?rest_route=\/wp\/v2\/media\/3819"}],"wp:attachment":[{"href":"https:\/\/trabucoradio.com\/home\/index.php?rest_route=%2Fwp%2Fv2%2Fmedia&parent=3818"}],"wp:term":[{"taxonomy":"category","embeddable":true,"href":"https:\/\/trabucoradio.com\/home\/index.php?rest_route=%2Fwp%2Fv2%2Fcategories&post=3818"},{"taxonomy":"post_tag","embeddable":true,"href":"https:\/\/trabucoradio.com\/home\/index.php?rest_route=%2Fwp%2Fv2%2Ftags&post=3818"}],"curies":[{"name":"wp","href":"https:\/\/api.w.org\/{rel}","templated":true}]}}