{"id":3815,"date":"2025-07-17T09:37:57","date_gmt":"2025-07-17T15:37:57","guid":{"rendered":"https:\/\/trabucoradio.com\/home\/?p=3815"},"modified":"2025-07-17T09:37:57","modified_gmt":"2025-07-17T15:37:57","slug":"bloqueo-en-atasta-campeche-cumple-4-dias","status":"publish","type":"post","link":"https:\/\/trabucoradio.com\/home\/?p=3815","title":{"rendered":"BLOQUEO EN ATASTA CAMPECHE CUMPLE 4 D\u00cdAS"},"content":{"rendered":"<p>BLOQUEO EN ATASTA CAMPECHE CUMPLE 4 D\u00cdAS<\/p>\n<p>&nbsp;<\/p>\n<p>Este jueves se cumplieron cuatro d\u00edas de bloqueo sobre la\u00a0carretera Federal del Golfo 180 en el tramo que va de Centla a Ciudad del Carmen a la altura de la comunidad de Nuevo Progreso, ya que pobladores de la pen\u00ednsula de Atasta contin\u00faan exigiendo la construcci\u00f3n de una subestaci\u00f3n el\u00e9ctrica para su comunidad.<\/p>\n<p>Cabe se\u00f1alar que el bloqueo esta provocando afectaciones en casi todo el sur de M\u00e9xico ya que miles de turistas que viajan por tierra a Yucat\u00e1n o Quintana ya no pudieron seguir su ruta, de igual forma La Isla del Carmen no est\u00e1 recibiendo turistas.<\/p>\n<p>Los pobladores han se\u00f1alado que no van a quitar el bloqueo hasta que las autoridades presenten el proyecto de construcci\u00f3n de una subestaci\u00f3n el\u00e9ctrica para su comunidad y as\u00ed evitar los constantes apagones.<\/p>\n<p>Debido al bloqueo, los transportistas y automovilistas est\u00e1n usando la ruta de Champot\u00f3n \u2013 Esc\u00e1rcega- Villahermosa para rodear la zona del bloqueo, sin embargo, este tramo conlleva 7 horas de viaje y ya se reporta tr\u00e1fico pesado en la caseta de cobro de la Villa Chabl\u00e9 en Tabasco debido a la gran cantidad de personas que est\u00e1n usando la ruta alterna.<\/p>\n<p>&nbsp;<\/p>\n","protected":false},"excerpt":{"rendered":"<p>BLOQUEO EN ATASTA CAMPECHE CUMPLE 4 D\u00cdAS &nbsp; Este jueves se cumplieron cuatro d\u00edas de bloqueo sobre la\u00a0carretera Federal del Golfo 180 en el tramo que va de Centla a Ciudad del Carmen a la altura de la comunidad de Nuevo Progreso, ya que pobladores de la pen\u00ednsula de Atasta contin\u00faan exigiendo la construcci\u00f3n de [&hellip;]<\/p>\n","protected":false},"author":1,"featured_media":3816,"comment_status":"open","ping_status":"open","sticky":false,"template":"","format":"standard","meta":{"footnotes":""},"categories":[4],"tags":[],"class_list":["post-3815","post","type-post","status-publish","format-standard","has-post-thumbnail","hentry","category-noticias"],"_links":{"self":[{"href":"https:\/\/trabucoradio.com\/home\/index.php?rest_route=\/wp\/v2\/posts\/3815","targetHints":{"allow":["GET"]}}],"collection":[{"href":"https:\/\/trabucoradio.com\/home\/index.php?rest_route=\/wp\/v2\/posts"}],"about":[{"href":"https:\/\/trabucoradio.com\/home\/index.php?rest_route=\/wp\/v2\/types\/post"}],"author":[{"embeddable":true,"href":"https:\/\/trabucoradio.com\/home\/index.php?rest_route=\/wp\/v2\/users\/1"}],"replies":[{"embeddable":true,"href":"https:\/\/trabucoradio.com\/home\/index.php?rest_route=%2Fwp%2Fv2%2Fcomments&post=3815"}],"version-history":[{"count":1,"href":"https:\/\/trabucoradio.com\/home\/index.php?rest_route=\/wp\/v2\/posts\/3815\/revisions"}],"predecessor-version":[{"id":3817,"href":"https:\/\/trabucoradio.com\/home\/index.php?rest_route=\/wp\/v2\/posts\/3815\/revisions\/3817"}],"wp:featuredmedia":[{"embeddable":true,"href":"https:\/\/trabucoradio.com\/home\/index.php?rest_route=\/wp\/v2\/media\/3816"}],"wp:attachment":[{"href":"https:\/\/trabucoradio.com\/home\/index.php?rest_route=%2Fwp%2Fv2%2Fmedia&parent=3815"}],"wp:term":[{"taxonomy":"category","embeddable":true,"href":"https:\/\/trabucoradio.com\/home\/index.php?rest_route=%2Fwp%2Fv2%2Fcategories&post=3815"},{"taxonomy":"post_tag","embeddable":true,"href":"https:\/\/trabucoradio.com\/home\/index.php?rest_route=%2Fwp%2Fv2%2Ftags&post=3815"}],"curies":[{"name":"wp","href":"https:\/\/api.w.org\/{rel}","templated":true}]}}