{"id":3812,"date":"2025-07-17T09:34:52","date_gmt":"2025-07-17T15:34:52","guid":{"rendered":"https:\/\/trabucoradio.com\/home\/?p=3812"},"modified":"2025-07-17T09:34:52","modified_gmt":"2025-07-17T15:34:52","slug":"bombardeo-de-israel-a-la-unica-iglesia-catolica-en-gaza-deja-dos-muertos-y-un-cura-herido","status":"publish","type":"post","link":"https:\/\/trabucoradio.com\/home\/?p=3812","title":{"rendered":"BOMBARDEO DE ISRAEL A LA \u00daNICA IGLESIA CAT\u00d3LICA EN GAZA DEJA DOS MUERTOS Y UN CURA HERIDO"},"content":{"rendered":"<p>BOMBARDEO DE ISRAEL A LA \u00daNICA IGLESIA CAT\u00d3LICA EN GAZA DEJA DOS MUERTOS Y UN CURA HERIDO<\/p>\n<p>&nbsp;<\/p>\n<p>&nbsp;<\/p>\n<p>Israel\u00a0bombarde\u00f3 la \u00fanica\u00a0iglesia cat\u00f3lica\u00a0de la Franja de Gaza, dejando un saldo de dos personas muertas y varios heridos, inform\u00f3 este jueves el Patriarcado Latino de Jerusal\u00e9n y la Defensa Civil.<\/p>\n<p>\u00abCon gran pena, el Patriarcado Latino confirma que dos personas murieron como resultado del aparente bombardeo del Ej\u00e9rcito israel\u00ed que alcanz\u00f3 el recinto de la Sagrada Familia esta ma\u00f1ana\u00bb en la\u00a0Ciudad de Gaza, indic\u00f3 la instituci\u00f3n en un comunicado.<\/p>\n<p>Entre los heridos se encuentra el p\u00e1rroco argentino Gabriel Romanelli, quien hablaba habitualmente por las noches con el difunto\u00a0papa Francisco, tras el inicio de la guerra entre Ham\u00e1s e Israel en octubre de 2023.<\/p>\n<p>No obstante, Israel expres\u00f3 su \u00abprofundo pesar por el da\u00f1o a la iglesia de la Sagrada Familia en Gaza y por cualquier v\u00edctima civil\u00bb, y puntualiz\u00f3 que su\u00a0Ej\u00e9rcito\u00a0est\u00e1 investigando lo ocurrido. \u00abIsrael nunca ataca iglesias o lugares de culto, y lamenta cualquier da\u00f1o a sitios religiosos o a civiles no implicados\u00bb, dijo el Ministerio de Exteriores en su cuenta de X.<\/p>\n","protected":false},"excerpt":{"rendered":"<p>BOMBARDEO DE ISRAEL A LA \u00daNICA IGLESIA CAT\u00d3LICA EN GAZA DEJA DOS MUERTOS Y UN CURA HERIDO &nbsp; &nbsp; Israel\u00a0bombarde\u00f3 la \u00fanica\u00a0iglesia cat\u00f3lica\u00a0de la Franja de Gaza, dejando un saldo de dos personas muertas y varios heridos, inform\u00f3 este jueves el Patriarcado Latino de Jerusal\u00e9n y la Defensa Civil. \u00abCon gran pena, el Patriarcado Latino [&hellip;]<\/p>\n","protected":false},"author":1,"featured_media":3813,"comment_status":"open","ping_status":"open","sticky":false,"template":"","format":"standard","meta":{"footnotes":""},"categories":[4],"tags":[],"class_list":["post-3812","post","type-post","status-publish","format-standard","has-post-thumbnail","hentry","category-noticias"],"_links":{"self":[{"href":"https:\/\/trabucoradio.com\/home\/index.php?rest_route=\/wp\/v2\/posts\/3812","targetHints":{"allow":["GET"]}}],"collection":[{"href":"https:\/\/trabucoradio.com\/home\/index.php?rest_route=\/wp\/v2\/posts"}],"about":[{"href":"https:\/\/trabucoradio.com\/home\/index.php?rest_route=\/wp\/v2\/types\/post"}],"author":[{"embeddable":true,"href":"https:\/\/trabucoradio.com\/home\/index.php?rest_route=\/wp\/v2\/users\/1"}],"replies":[{"embeddable":true,"href":"https:\/\/trabucoradio.com\/home\/index.php?rest_route=%2Fwp%2Fv2%2Fcomments&post=3812"}],"version-history":[{"count":1,"href":"https:\/\/trabucoradio.com\/home\/index.php?rest_route=\/wp\/v2\/posts\/3812\/revisions"}],"predecessor-version":[{"id":3814,"href":"https:\/\/trabucoradio.com\/home\/index.php?rest_route=\/wp\/v2\/posts\/3812\/revisions\/3814"}],"wp:featuredmedia":[{"embeddable":true,"href":"https:\/\/trabucoradio.com\/home\/index.php?rest_route=\/wp\/v2\/media\/3813"}],"wp:attachment":[{"href":"https:\/\/trabucoradio.com\/home\/index.php?rest_route=%2Fwp%2Fv2%2Fmedia&parent=3812"}],"wp:term":[{"taxonomy":"category","embeddable":true,"href":"https:\/\/trabucoradio.com\/home\/index.php?rest_route=%2Fwp%2Fv2%2Fcategories&post=3812"},{"taxonomy":"post_tag","embeddable":true,"href":"https:\/\/trabucoradio.com\/home\/index.php?rest_route=%2Fwp%2Fv2%2Ftags&post=3812"}],"curies":[{"name":"wp","href":"https:\/\/api.w.org\/{rel}","templated":true}]}}