{"id":3803,"date":"2025-07-17T09:11:31","date_gmt":"2025-07-17T15:11:31","guid":{"rendered":"https:\/\/trabucoradio.com\/home\/?p=3803"},"modified":"2025-07-17T09:11:31","modified_gmt":"2025-07-17T15:11:31","slug":"asesinan-a-comandante-de-la-policia-municipal-de-culiacan-durante-su-dia-de-descanso","status":"publish","type":"post","link":"https:\/\/trabucoradio.com\/home\/?p=3803","title":{"rendered":"ASESINAN A COMANDANTE DE LA POLIC\u00cdA MUNICIPAL DE CULIAC\u00c1N DURANTE SU D\u00cdA DE DESCANSO"},"content":{"rendered":"<p>ASESINAN A COMANDANTE DE LA POLIC\u00cdA MUNICIPAL DE CULIAC\u00c1N DURANTE SU D\u00cdA DE DESCANSO<\/p>\n<p>&nbsp;<\/p>\n<p>&nbsp;<\/p>\n<p>El ataque ocurri\u00f3 alrededor de las 9:00 de la noche sobre el bulevar Manuel J. Clouthier. De acuerdo con los primeros reportes, S\u00e1nchez Quintero se encontraba en su d\u00eda de descanso cuando fue interceptado por sujetos armados, quienes le dispararon en repetidas ocasiones.<\/p>\n<p>&nbsp;<\/p>\n<p>&nbsp;<\/p>\n<p>El comandante conduc\u00eda una camioneta Ford Ranger color rojo. Vecinos de la zona reportaron haber escuchado m\u00faltiples detonaciones de arma de fuego, y algunos videos del momento comenzaron a circular en redes sociales.<\/p>\n<p>&nbsp;<\/p>\n<p>Param\u00e9dicos y elementos de seguridad llegaron al lugar tras recibir una llamada de emergencia al 911, pero lamentablemente, al arribar, confirmaron que el oficial ya no ten\u00eda signos vitales.<\/p>\n<p>Condolencias e investigaci\u00f3n<\/p>\n<p>La Secretar\u00eda de Seguridad P\u00fablica y Tr\u00e1nsito Municipal (SSPyTM) lament\u00f3 profundamente la muerte de su compa\u00f1ero a trav\u00e9s de un comunicado oficial, en el que expres\u00f3 su \u201cm\u00e1s sincero pesar\u201d y asegur\u00f3 que brindar\u00e1n todo el apoyo necesario a la familia del comandante.<\/p>\n<p>&nbsp;<\/p>\n<p>La Fiscal\u00eda General del Estado inform\u00f3 que ya inici\u00f3 una carpeta de investigaci\u00f3n para dar con los responsables del crimen y que contar\u00e1 con el respaldo total de la corporaci\u00f3n policial en las indagatorias.<\/p>\n<p>&nbsp;<\/p>\n<p>Con este caso, suman ya\u00a045 polic\u00edas asesinados\u00a0desde el 9 de septiembre de 2024.<\/p>\n","protected":false},"excerpt":{"rendered":"<p>ASESINAN A COMANDANTE DE LA POLIC\u00cdA MUNICIPAL DE CULIAC\u00c1N DURANTE SU D\u00cdA DE DESCANSO &nbsp; &nbsp; El ataque ocurri\u00f3 alrededor de las 9:00 de la noche sobre el bulevar Manuel J. Clouthier. De acuerdo con los primeros reportes, S\u00e1nchez Quintero se encontraba en su d\u00eda de descanso cuando fue interceptado por sujetos armados, quienes le [&hellip;]<\/p>\n","protected":false},"author":1,"featured_media":3804,"comment_status":"open","ping_status":"open","sticky":false,"template":"","format":"standard","meta":{"footnotes":""},"categories":[4],"tags":[],"class_list":["post-3803","post","type-post","status-publish","format-standard","has-post-thumbnail","hentry","category-noticias"],"_links":{"self":[{"href":"https:\/\/trabucoradio.com\/home\/index.php?rest_route=\/wp\/v2\/posts\/3803","targetHints":{"allow":["GET"]}}],"collection":[{"href":"https:\/\/trabucoradio.com\/home\/index.php?rest_route=\/wp\/v2\/posts"}],"about":[{"href":"https:\/\/trabucoradio.com\/home\/index.php?rest_route=\/wp\/v2\/types\/post"}],"author":[{"embeddable":true,"href":"https:\/\/trabucoradio.com\/home\/index.php?rest_route=\/wp\/v2\/users\/1"}],"replies":[{"embeddable":true,"href":"https:\/\/trabucoradio.com\/home\/index.php?rest_route=%2Fwp%2Fv2%2Fcomments&post=3803"}],"version-history":[{"count":1,"href":"https:\/\/trabucoradio.com\/home\/index.php?rest_route=\/wp\/v2\/posts\/3803\/revisions"}],"predecessor-version":[{"id":3805,"href":"https:\/\/trabucoradio.com\/home\/index.php?rest_route=\/wp\/v2\/posts\/3803\/revisions\/3805"}],"wp:featuredmedia":[{"embeddable":true,"href":"https:\/\/trabucoradio.com\/home\/index.php?rest_route=\/wp\/v2\/media\/3804"}],"wp:attachment":[{"href":"https:\/\/trabucoradio.com\/home\/index.php?rest_route=%2Fwp%2Fv2%2Fmedia&parent=3803"}],"wp:term":[{"taxonomy":"category","embeddable":true,"href":"https:\/\/trabucoradio.com\/home\/index.php?rest_route=%2Fwp%2Fv2%2Fcategories&post=3803"},{"taxonomy":"post_tag","embeddable":true,"href":"https:\/\/trabucoradio.com\/home\/index.php?rest_route=%2Fwp%2Fv2%2Ftags&post=3803"}],"curies":[{"name":"wp","href":"https:\/\/api.w.org\/{rel}","templated":true}]}}