{"id":3794,"date":"2025-07-17T08:34:47","date_gmt":"2025-07-17T14:34:47","guid":{"rendered":"https:\/\/trabucoradio.com\/home\/?p=3794"},"modified":"2025-07-17T08:34:47","modified_gmt":"2025-07-17T14:34:47","slug":"alumna-en-chiapas-denuncia-a-25-maestros-de-acoso-s3xual-en-plena-clausura-del-ciclo","status":"publish","type":"post","link":"https:\/\/trabucoradio.com\/home\/?p=3794","title":{"rendered":"ALUMNA EN CHIAPAS DENUNCIA A 25 MAESTROS DE ACOSO S3XUAL EN PLENA CLAUSURA DEL CICLO"},"content":{"rendered":"<p>ALUMNA EN CHIAPAS DENUNCIA A 25 MAESTROS DE ACOSO S3XUAL EN PLENA CLAUSURA DEL CICLO<\/p>\n<p>&nbsp;<\/p>\n<p>Una estudiante de la escuela preparatoria Felipe Carrillo Puerto, del municipio de\u00a0Pijijiapan, Chapas, denunci\u00f3 durante la clausura de fin de curso a algunos maestros de\u00a0hostigar\u00a0sexualmente a las alumnas, una situaci\u00f3n que se ha repetido durante 30 a\u00f1os en el plantel.<\/p>\n<p>\u201cCreo que somos la primera generaci\u00f3n que tuvo el valor de decir las cosas\u00a0y qu\u00e9 pena que hayan sido 30 a\u00f1os de permitirles esto a los maestros\u201d. Declar\u00f3 la alumna, identifica como Claudia, durante el evento de\u00a0clausura del ciclo escolar 2024-2025,\u00a0y denunci\u00f3 que algunos de los 25 mentores acosan a las estudiantes.<\/p>\n<p>Adem\u00e1s, critic\u00f3 a los mentores que cuestionan a los estudiantes diciendo que \u201cya no son los mismos\u201d y que no demuestran empe\u00f1o a su estudio. \u201cPero como maestros ellos tampoco son los mismos:\u00a0No tienen vocaci\u00f3n. Aunque, no est\u00e1n aqu\u00ed siempre por vocaci\u00f3n, a veces por el sueldo, a veces por la jubilaci\u00f3n, pero deber\u00edan tener, al menos tacto, respeto, educaci\u00f3n con las alumnas de aqu\u00ed, porque ustedes tambi\u00e9n tienen hijas\u201d, dijo la alumna.<\/p>\n<p>Lament\u00f3 no haber denunciado antes el acoso sexual que ocurr\u00eda en el plantel, ubicado en la 3\u00aa. Oriente, de la colonia 20 de Noviembre, de la cabecera municipal de Pijijiapan. \u201cLamento que me haya tocado a m\u00ed, para alzar la voz\u201d. Al pedir a sus compa\u00f1eras que alzaran la mano si en alguna ocasi\u00f3n, ha padecido acoso sexual de los maestros, algunas que estaban en la ceremonia alzaron la mano.<\/p>\n<p>Hasta el momento, la Fiscal\u00eda de Chiapas no ha emitido ninguna comunicaci\u00f3n al respecto. Por su parte, la Secretar\u00eda de Educaci\u00f3n tampoco ha dicho algo por la denuncia de acoso sexual que se vive en el plantel.<\/p>\n<p>&nbsp;<\/p>\n","protected":false},"excerpt":{"rendered":"<p>ALUMNA EN CHIAPAS DENUNCIA A 25 MAESTROS DE ACOSO S3XUAL EN PLENA CLAUSURA DEL CICLO &nbsp; Una estudiante de la escuela preparatoria Felipe Carrillo Puerto, del municipio de\u00a0Pijijiapan, Chapas, denunci\u00f3 durante la clausura de fin de curso a algunos maestros de\u00a0hostigar\u00a0sexualmente a las alumnas, una situaci\u00f3n que se ha repetido durante 30 a\u00f1os en el [&hellip;]<\/p>\n","protected":false},"author":1,"featured_media":3795,"comment_status":"open","ping_status":"open","sticky":false,"template":"","format":"standard","meta":{"footnotes":""},"categories":[4],"tags":[],"class_list":["post-3794","post","type-post","status-publish","format-standard","has-post-thumbnail","hentry","category-noticias"],"_links":{"self":[{"href":"https:\/\/trabucoradio.com\/home\/index.php?rest_route=\/wp\/v2\/posts\/3794","targetHints":{"allow":["GET"]}}],"collection":[{"href":"https:\/\/trabucoradio.com\/home\/index.php?rest_route=\/wp\/v2\/posts"}],"about":[{"href":"https:\/\/trabucoradio.com\/home\/index.php?rest_route=\/wp\/v2\/types\/post"}],"author":[{"embeddable":true,"href":"https:\/\/trabucoradio.com\/home\/index.php?rest_route=\/wp\/v2\/users\/1"}],"replies":[{"embeddable":true,"href":"https:\/\/trabucoradio.com\/home\/index.php?rest_route=%2Fwp%2Fv2%2Fcomments&post=3794"}],"version-history":[{"count":1,"href":"https:\/\/trabucoradio.com\/home\/index.php?rest_route=\/wp\/v2\/posts\/3794\/revisions"}],"predecessor-version":[{"id":3796,"href":"https:\/\/trabucoradio.com\/home\/index.php?rest_route=\/wp\/v2\/posts\/3794\/revisions\/3796"}],"wp:featuredmedia":[{"embeddable":true,"href":"https:\/\/trabucoradio.com\/home\/index.php?rest_route=\/wp\/v2\/media\/3795"}],"wp:attachment":[{"href":"https:\/\/trabucoradio.com\/home\/index.php?rest_route=%2Fwp%2Fv2%2Fmedia&parent=3794"}],"wp:term":[{"taxonomy":"category","embeddable":true,"href":"https:\/\/trabucoradio.com\/home\/index.php?rest_route=%2Fwp%2Fv2%2Fcategories&post=3794"},{"taxonomy":"post_tag","embeddable":true,"href":"https:\/\/trabucoradio.com\/home\/index.php?rest_route=%2Fwp%2Fv2%2Ftags&post=3794"}],"curies":[{"name":"wp","href":"https:\/\/api.w.org\/{rel}","templated":true}]}}