{"id":3791,"date":"2025-07-17T08:33:12","date_gmt":"2025-07-17T14:33:12","guid":{"rendered":"https:\/\/trabucoradio.com\/home\/?p=3791"},"modified":"2025-07-17T08:33:12","modified_gmt":"2025-07-17T14:33:12","slug":"grupo-bimbo-invertira-2-mil-mdd-en-mexico","status":"publish","type":"post","link":"https:\/\/trabucoradio.com\/home\/?p=3791","title":{"rendered":"GRUPO BIMBO INVERTIR\u00c1 2 MIL MDD EN M\u00c9XICO"},"content":{"rendered":"<p>GRUPO BIMBO INVERTIR\u00c1 2 MIL MDD EN M\u00c9XICO<\/p>\n<p>&nbsp;<\/p>\n<p>Grupo Bimbo\u00a0anunci\u00f3 este jueves que realizar\u00e1 una inversi\u00f3n\u00a02 mil millones de d\u00f3lares\u00a0en M\u00e9xico durante los pr\u00f3ximos a\u00f1os hasta 2028 para incrementar su capacidad productiva y tecnol\u00f3gica.<\/p>\n<p>El director de la compa\u00f1\u00eda, Jos\u00e9 Manuel Gonz\u00e1lez Guzm\u00e1n, dio a conocer esta decisi\u00f3n en la conferencia matutina de la presidenta\u00a0Claudia Sheinbaum. \u00abCon la inversi\u00f3n que hoy anunciamos reafirmamos nuestro respaldo al\u00a0Plan M\u00e9xico, impulsado por el gobierno federal para detonar el crecimiento y fortalecer la econom\u00eda nacional\u00bb, afirm\u00f3.<\/p>\n<p>A\u00f1adi\u00f3 que con esta inversi\u00f3n se generar\u00e1n\u00a02 mil empleos directos\u00a0y m\u00e1s de 10 mil 800 indirectos.<\/p>\n<p>Por su parte, la jefa de Unidad de Desarrollo de la\u00a0Secretar\u00eda de Econom\u00eda, Ximena Escobedo, indic\u00f3 que la inversi\u00f3n se concentrar\u00e1 en Baja California, Yucat\u00e1n, Ciudad de M\u00e9xico, Nuevo Le\u00f3n, Quer\u00e9taro, Puebla, y el Estado de M\u00e9xico, es decir, siete estados del pa\u00eds.<\/p>\n<p>El objetivo de la inversi\u00f3n no solo es aumentar y modernizar las m\u00e1s de 30 plantas de producci\u00f3n que tiene el pa\u00eds, sino ampliar toda la flota vehicular baja de emisiones que tiene grupo Bimbo en M\u00e9xico.<\/p>\n<p>&nbsp;<\/p>\n","protected":false},"excerpt":{"rendered":"<p>GRUPO BIMBO INVERTIR\u00c1 2 MIL MDD EN M\u00c9XICO &nbsp; Grupo Bimbo\u00a0anunci\u00f3 este jueves que realizar\u00e1 una inversi\u00f3n\u00a02 mil millones de d\u00f3lares\u00a0en M\u00e9xico durante los pr\u00f3ximos a\u00f1os hasta 2028 para incrementar su capacidad productiva y tecnol\u00f3gica. El director de la compa\u00f1\u00eda, Jos\u00e9 Manuel Gonz\u00e1lez Guzm\u00e1n, dio a conocer esta decisi\u00f3n en la conferencia matutina de la [&hellip;]<\/p>\n","protected":false},"author":1,"featured_media":3792,"comment_status":"open","ping_status":"open","sticky":false,"template":"","format":"standard","meta":{"footnotes":""},"categories":[4],"tags":[],"class_list":["post-3791","post","type-post","status-publish","format-standard","has-post-thumbnail","hentry","category-noticias"],"_links":{"self":[{"href":"https:\/\/trabucoradio.com\/home\/index.php?rest_route=\/wp\/v2\/posts\/3791","targetHints":{"allow":["GET"]}}],"collection":[{"href":"https:\/\/trabucoradio.com\/home\/index.php?rest_route=\/wp\/v2\/posts"}],"about":[{"href":"https:\/\/trabucoradio.com\/home\/index.php?rest_route=\/wp\/v2\/types\/post"}],"author":[{"embeddable":true,"href":"https:\/\/trabucoradio.com\/home\/index.php?rest_route=\/wp\/v2\/users\/1"}],"replies":[{"embeddable":true,"href":"https:\/\/trabucoradio.com\/home\/index.php?rest_route=%2Fwp%2Fv2%2Fcomments&post=3791"}],"version-history":[{"count":1,"href":"https:\/\/trabucoradio.com\/home\/index.php?rest_route=\/wp\/v2\/posts\/3791\/revisions"}],"predecessor-version":[{"id":3793,"href":"https:\/\/trabucoradio.com\/home\/index.php?rest_route=\/wp\/v2\/posts\/3791\/revisions\/3793"}],"wp:featuredmedia":[{"embeddable":true,"href":"https:\/\/trabucoradio.com\/home\/index.php?rest_route=\/wp\/v2\/media\/3792"}],"wp:attachment":[{"href":"https:\/\/trabucoradio.com\/home\/index.php?rest_route=%2Fwp%2Fv2%2Fmedia&parent=3791"}],"wp:term":[{"taxonomy":"category","embeddable":true,"href":"https:\/\/trabucoradio.com\/home\/index.php?rest_route=%2Fwp%2Fv2%2Fcategories&post=3791"},{"taxonomy":"post_tag","embeddable":true,"href":"https:\/\/trabucoradio.com\/home\/index.php?rest_route=%2Fwp%2Fv2%2Ftags&post=3791"}],"curies":[{"name":"wp","href":"https:\/\/api.w.org\/{rel}","templated":true}]}}