{"id":3772,"date":"2025-07-16T16:05:27","date_gmt":"2025-07-16T22:05:27","guid":{"rendered":"https:\/\/trabucoradio.com\/home\/?p=3772"},"modified":"2025-07-16T16:05:27","modified_gmt":"2025-07-16T22:05:27","slug":"famosa-cadena-de-supermercados-anuncia-el-cierre-de-60-tiendas-por-bajo-rendimiento-se-declarara-en-quiebra","status":"publish","type":"post","link":"https:\/\/trabucoradio.com\/home\/?p=3772","title":{"rendered":"FAMOSA CADENA DE SUPERMERCADOS ANUNCIA EL CIERRE DE 60 TIENDAS POR BAJO RENDIMIENTO, \u00bfSE DECLARAR\u00c1 EN QUIEBRA?"},"content":{"rendered":"<p>FAMOSA CADENA DE SUPERMERCADOS ANUNCIA EL CIERRE DE 60 TIENDAS POR BAJO RENDIMIENTO, \u00bfSE DECLARAR\u00c1 EN QUIEBRA?<\/p>\n<p>&nbsp;<\/p>\n<p>&nbsp;<\/p>\n<p>Recientemente la emblematica cadena de supermercados de Estados Unidos,\u00a0Kroger<strong>,<\/strong>\u00a0inform\u00f3 que tiene previsto realizar el\u00a0cierre de al menos 60 tiendasen distintos puntos del territorio norteamericano durante los pr\u00f3ximos meses argumentando un bajo rendimiento en sus ganancias, por lo que dicha medida gener\u00f3 una gran incertidumbre entre los consumidores de dicho pa\u00eds, quienes se han cuestionado si la referida compa\u00f1\u00eda se declarar\u00e1 en quiebra y cu\u00e1l ser\u00e1 el destino de los empleados, por ello, en esta nota te diremos qu\u00e9 es lo que se sabe al respecto.<\/p>\n<p>Fue a trav\u00e9s de una conferencia realizada el pasado mes de junio cuando\u00a0Krogerdio a conocer que durante los pr\u00f3ximos 18 meses tiene previsto cerrar alrededor de 60 supermercados de comestibles ubicados en distintos puntos del territorio estadounidense y se precis\u00f3 que el motivo de dicha medida era\u00a0por su bajo rendimiento,\u00a0adem\u00e1s, tambi\u00e9n se se\u00f1al\u00f3 que ser\u00e1 en el estado de Texas donde inicien estos cierres.<\/p>\n<p>Cabe se\u00f1alar que la cadena de supermercado \u00a0se\u00f1al\u00f3 que\u00a0estos cierres no tienen como trasfondo una inminente quiebra o algo similar, sino que simplemente se trata de un ajuste operativo para mejorar la rentabilidad, incluso, se\u00f1al\u00f3 que como parte esta estrategia\u00a0se tiene prevista la apertura de al menos 30 tiendas en puntos estrat\u00e9gicos.<\/p>\n<p><strong>\u00a0<\/strong><\/p>\n<p>\u00abVemos esto como una oportunidad para\u00a0trasladar estas ventas de tiendas cerradas a otras tiendas, y creemos que eso deber\u00eda mejorar la rentabilidad\u00bb, expres\u00f3, Ronald Sargent, presidente y director ejecutivo interino de Kroger, quien tambi\u00e9n se\u00f1al\u00f3 que la apertura de las 30 nuevas tiendas est\u00e1 prevista para el 2026.<\/p>\n<p>Respecto al futuro de los empleados de las 60 sucursales de Kroger que cerrar\u00e1n sus puertas, la compa\u00f1\u00eda originaria de Cincinnati, Ohio precis\u00f3 que se les ofrecer\u00e1 ser reubicados en las nuevas tiendas que abrir\u00e1 la cadena, si es que as\u00ed lo desean, en caso contrario ser\u00e1n liquidados conforme lo marca la ley.<\/p>\n","protected":false},"excerpt":{"rendered":"<p>FAMOSA CADENA DE SUPERMERCADOS ANUNCIA EL CIERRE DE 60 TIENDAS POR BAJO RENDIMIENTO, \u00bfSE DECLARAR\u00c1 EN QUIEBRA? &nbsp; &nbsp; Recientemente la emblematica cadena de supermercados de Estados Unidos,\u00a0Kroger,\u00a0inform\u00f3 que tiene previsto realizar el\u00a0cierre de al menos 60 tiendasen distintos puntos del territorio norteamericano durante los pr\u00f3ximos meses argumentando un bajo rendimiento en sus ganancias, por [&hellip;]<\/p>\n","protected":false},"author":1,"featured_media":3773,"comment_status":"open","ping_status":"open","sticky":false,"template":"","format":"standard","meta":{"footnotes":""},"categories":[4],"tags":[],"class_list":["post-3772","post","type-post","status-publish","format-standard","has-post-thumbnail","hentry","category-noticias"],"_links":{"self":[{"href":"https:\/\/trabucoradio.com\/home\/index.php?rest_route=\/wp\/v2\/posts\/3772","targetHints":{"allow":["GET"]}}],"collection":[{"href":"https:\/\/trabucoradio.com\/home\/index.php?rest_route=\/wp\/v2\/posts"}],"about":[{"href":"https:\/\/trabucoradio.com\/home\/index.php?rest_route=\/wp\/v2\/types\/post"}],"author":[{"embeddable":true,"href":"https:\/\/trabucoradio.com\/home\/index.php?rest_route=\/wp\/v2\/users\/1"}],"replies":[{"embeddable":true,"href":"https:\/\/trabucoradio.com\/home\/index.php?rest_route=%2Fwp%2Fv2%2Fcomments&post=3772"}],"version-history":[{"count":1,"href":"https:\/\/trabucoradio.com\/home\/index.php?rest_route=\/wp\/v2\/posts\/3772\/revisions"}],"predecessor-version":[{"id":3774,"href":"https:\/\/trabucoradio.com\/home\/index.php?rest_route=\/wp\/v2\/posts\/3772\/revisions\/3774"}],"wp:featuredmedia":[{"embeddable":true,"href":"https:\/\/trabucoradio.com\/home\/index.php?rest_route=\/wp\/v2\/media\/3773"}],"wp:attachment":[{"href":"https:\/\/trabucoradio.com\/home\/index.php?rest_route=%2Fwp%2Fv2%2Fmedia&parent=3772"}],"wp:term":[{"taxonomy":"category","embeddable":true,"href":"https:\/\/trabucoradio.com\/home\/index.php?rest_route=%2Fwp%2Fv2%2Fcategories&post=3772"},{"taxonomy":"post_tag","embeddable":true,"href":"https:\/\/trabucoradio.com\/home\/index.php?rest_route=%2Fwp%2Fv2%2Ftags&post=3772"}],"curies":[{"name":"wp","href":"https:\/\/api.w.org\/{rel}","templated":true}]}}