{"id":3763,"date":"2025-07-16T15:50:55","date_gmt":"2025-07-16T21:50:55","guid":{"rendered":"https:\/\/trabucoradio.com\/home\/?p=3763"},"modified":"2025-07-16T15:50:55","modified_gmt":"2025-07-16T21:50:55","slug":"uber-aumentara-tarifas-en-7-por-reforma-laboral","status":"publish","type":"post","link":"https:\/\/trabucoradio.com\/home\/?p=3763","title":{"rendered":"UBER AUMENTAR\u00c1 TARIFAS EN 7% POR REFORMA LABORAL"},"content":{"rendered":"<p>UBER AUMENTAR\u00c1 TARIFAS EN 7% POR REFORMA LABORAL<\/p>\n<p>&nbsp;<\/p>\n<p>La plataforma\u00a0Uber\u00a0aumentar\u00e1 sus tarifas en\u00a07 por ciento\u00a0por el aumento de costos derivado de la reforma laboral para choferes y repartidores de aplicaciones promovida por el Gobierno federal.<\/p>\n<p>\u201cEste incremento que pagar\u00e1 el usuario estar\u00e1 destinado, en su totalidad, a cubrir los\u00a0costos de la nueva reforma laboral\u00a0y ser\u00e1 implementado con el fin de no impactar tus ganancias actuales\u201d, explic\u00f3 Uber.<\/p>\n<p>Aclar\u00f3 que el aumento de las tarifas no impactar\u00e1 en las\u00a0ganancias\u00a0de los conductores ni en el monto pagado a la compa\u00f1\u00eda. \u201ces necesario para proteger tus ganancias y asegurar que la plataforma siga siendo una buena opci\u00f3n para que t\u00fa y todos los conductores contin\u00faen generando ingresos\u201d, refiri\u00f3.<\/p>\n<p>El incremento en las tarifas se ver\u00e1 reflejado en el apartado de \u2018Cuota de solicitud + Ajuste al usuario por ley laboral\u2019 dentro de los\u00a0recibo de viaje.<\/p>\n<p>Por otro lado, Uber asegur\u00f3 que est\u00e1 en constante comunicaci\u00f3n con las autoridades y conductores para asegurar que la reforma laboral beneficie a los trabajadores y las ganancias por viaje se mantengan.<\/p>\n<p>La\u00a0reforma laboral\u00a0para conductores y repartidores de aplicaci\u00f3n contempla que los trabajadores que generen al menos un salario m\u00ednimo mensual tendr\u00e1n acceso a la seguridad social: cobertura m\u00e9dica, licencias e indemnizaciones por accidentes y enfermedades laborales, atenci\u00f3n m\u00e9dica y apoyos econ\u00f3micos por enfermedades y maternidad.<\/p>\n","protected":false},"excerpt":{"rendered":"<p>UBER AUMENTAR\u00c1 TARIFAS EN 7% POR REFORMA LABORAL &nbsp; La plataforma\u00a0Uber\u00a0aumentar\u00e1 sus tarifas en\u00a07 por ciento\u00a0por el aumento de costos derivado de la reforma laboral para choferes y repartidores de aplicaciones promovida por el Gobierno federal. \u201cEste incremento que pagar\u00e1 el usuario estar\u00e1 destinado, en su totalidad, a cubrir los\u00a0costos de la nueva reforma laboral\u00a0y [&hellip;]<\/p>\n","protected":false},"author":1,"featured_media":3764,"comment_status":"open","ping_status":"open","sticky":false,"template":"","format":"standard","meta":{"footnotes":""},"categories":[4],"tags":[],"class_list":["post-3763","post","type-post","status-publish","format-standard","has-post-thumbnail","hentry","category-noticias"],"_links":{"self":[{"href":"https:\/\/trabucoradio.com\/home\/index.php?rest_route=\/wp\/v2\/posts\/3763","targetHints":{"allow":["GET"]}}],"collection":[{"href":"https:\/\/trabucoradio.com\/home\/index.php?rest_route=\/wp\/v2\/posts"}],"about":[{"href":"https:\/\/trabucoradio.com\/home\/index.php?rest_route=\/wp\/v2\/types\/post"}],"author":[{"embeddable":true,"href":"https:\/\/trabucoradio.com\/home\/index.php?rest_route=\/wp\/v2\/users\/1"}],"replies":[{"embeddable":true,"href":"https:\/\/trabucoradio.com\/home\/index.php?rest_route=%2Fwp%2Fv2%2Fcomments&post=3763"}],"version-history":[{"count":1,"href":"https:\/\/trabucoradio.com\/home\/index.php?rest_route=\/wp\/v2\/posts\/3763\/revisions"}],"predecessor-version":[{"id":3765,"href":"https:\/\/trabucoradio.com\/home\/index.php?rest_route=\/wp\/v2\/posts\/3763\/revisions\/3765"}],"wp:featuredmedia":[{"embeddable":true,"href":"https:\/\/trabucoradio.com\/home\/index.php?rest_route=\/wp\/v2\/media\/3764"}],"wp:attachment":[{"href":"https:\/\/trabucoradio.com\/home\/index.php?rest_route=%2Fwp%2Fv2%2Fmedia&parent=3763"}],"wp:term":[{"taxonomy":"category","embeddable":true,"href":"https:\/\/trabucoradio.com\/home\/index.php?rest_route=%2Fwp%2Fv2%2Fcategories&post=3763"},{"taxonomy":"post_tag","embeddable":true,"href":"https:\/\/trabucoradio.com\/home\/index.php?rest_route=%2Fwp%2Fv2%2Ftags&post=3763"}],"curies":[{"name":"wp","href":"https:\/\/api.w.org\/{rel}","templated":true}]}}