{"id":3760,"date":"2025-07-16T15:48:05","date_gmt":"2025-07-16T21:48:05","guid":{"rendered":"https:\/\/trabucoradio.com\/home\/?p=3760"},"modified":"2025-07-16T15:48:05","modified_gmt":"2025-07-16T21:48:05","slug":"continua-el-acoso-laboral-en-la-upch-para-personal-administrativo-tribunal-de-conciliacion-y-arbitraje-les-pide-desistir","status":"publish","type":"post","link":"https:\/\/trabucoradio.com\/home\/?p=3760","title":{"rendered":"CONTINUA EL ACOSO LABORAL EN LA UPCH PARA PERSONAL ADMINISTRATIVO; TRIBUNAL DE CONCILIACI\u00d3N Y ARBITRAJE LES PIDE DESISTIR\u00a0"},"content":{"rendered":"<div class=\"xdj266r x14z9mp xat24cr x1lziwak x1vvkbs x126k92a\">\n<div dir=\"auto\">CONTINUA EL ACOSO LABORAL EN LA UPCH PARA PERSONAL ADMINISTRATIVO; TRIBUNAL DE CONCILIACI\u00d3N Y ARBITRAJE LES PIDE DESISTIR<\/div>\n<\/div>\n<div dir=\"auto\"><\/div>\n<div class=\"xdj266r x14z9mp xat24cr x1lziwak x1vvkbs x126k92a\">\n<div dir=\"auto\"><\/div>\n<\/div>\n<div class=\"x14z9mp xat24cr x1lziwak x1vvkbs xtlvy1s x126k92a\">\n<div dir=\"auto\">Ante las injusticias laborales que persisten en la Universidad Popular de la Chontalpa UPCH, trabajadores administrativos denunciaron que este martes 15 de julio la Secretaria General de acuerdos del Tribunal de conciliaci\u00f3n y arbitraje\u00a0 acudi\u00f3 a la instituci\u00f3n educativa para persuadirlos de desistir, por orden directa de la Consejer\u00eda Jur\u00eddica. Antonio S\u00e1nchez P\u00e9rez abogado encargado de este caso calific\u00f3 como \u201cacoso laboral\u201d este hostigamiento.<\/div>\n<div dir=\"auto\"><\/div>\n<\/div>\n<div class=\"x14z9mp xat24cr x1lziwak x1vvkbs xtlvy1s x126k92a\">\n<div dir=\"auto\">Los afectados piden a sus compa\u00f1eros que integran este gremio a no ceder a la presi\u00f3n , documentar a los funcionarios y difundir que el tribunal realiza desistimientos fuera de su jurisdicci\u00f3n y del recinto oficial.<\/div>\n<div dir=\"auto\"><\/div>\n<\/div>\n<div class=\"x14z9mp xat24cr x1lziwak x1vvkbs xtlvy1s x126k92a\">\n<div dir=\"auto\">Cabe recordar que este movimiento lo integran m\u00e1s de 109 trabajadores administrativos, quienes desde 2019 han venido presentado irregularidades en sus contratos colectivos, prestaciones y pagos.<\/div>\n<div dir=\"auto\"><\/div>\n<\/div>\n<div class=\"x14z9mp xat24cr x1lziwak x1vvkbs xtlvy1s x126k92a\">\n<div dir=\"auto\">Las im\u00e1genes fueron proporcionadas por los mismos trabajadores, quienes piden a las autoridades correspondientes intervenir y solucionar este conflicto pac\u00edficamente.<\/div>\n<\/div>\n","protected":false},"excerpt":{"rendered":"<p>CONTINUA EL ACOSO LABORAL EN LA UPCH PARA PERSONAL ADMINISTRATIVO; TRIBUNAL DE CONCILIACI\u00d3N Y ARBITRAJE LES PIDE DESISTIR Ante las injusticias laborales que persisten en la Universidad Popular de la Chontalpa UPCH, trabajadores administrativos denunciaron que este martes 15 de julio la Secretaria General de acuerdos del Tribunal de conciliaci\u00f3n y arbitraje\u00a0 acudi\u00f3 a la [&hellip;]<\/p>\n","protected":false},"author":1,"featured_media":3761,"comment_status":"open","ping_status":"open","sticky":false,"template":"","format":"standard","meta":{"footnotes":""},"categories":[4],"tags":[],"class_list":["post-3760","post","type-post","status-publish","format-standard","has-post-thumbnail","hentry","category-noticias"],"_links":{"self":[{"href":"https:\/\/trabucoradio.com\/home\/index.php?rest_route=\/wp\/v2\/posts\/3760","targetHints":{"allow":["GET"]}}],"collection":[{"href":"https:\/\/trabucoradio.com\/home\/index.php?rest_route=\/wp\/v2\/posts"}],"about":[{"href":"https:\/\/trabucoradio.com\/home\/index.php?rest_route=\/wp\/v2\/types\/post"}],"author":[{"embeddable":true,"href":"https:\/\/trabucoradio.com\/home\/index.php?rest_route=\/wp\/v2\/users\/1"}],"replies":[{"embeddable":true,"href":"https:\/\/trabucoradio.com\/home\/index.php?rest_route=%2Fwp%2Fv2%2Fcomments&post=3760"}],"version-history":[{"count":1,"href":"https:\/\/trabucoradio.com\/home\/index.php?rest_route=\/wp\/v2\/posts\/3760\/revisions"}],"predecessor-version":[{"id":3762,"href":"https:\/\/trabucoradio.com\/home\/index.php?rest_route=\/wp\/v2\/posts\/3760\/revisions\/3762"}],"wp:featuredmedia":[{"embeddable":true,"href":"https:\/\/trabucoradio.com\/home\/index.php?rest_route=\/wp\/v2\/media\/3761"}],"wp:attachment":[{"href":"https:\/\/trabucoradio.com\/home\/index.php?rest_route=%2Fwp%2Fv2%2Fmedia&parent=3760"}],"wp:term":[{"taxonomy":"category","embeddable":true,"href":"https:\/\/trabucoradio.com\/home\/index.php?rest_route=%2Fwp%2Fv2%2Fcategories&post=3760"},{"taxonomy":"post_tag","embeddable":true,"href":"https:\/\/trabucoradio.com\/home\/index.php?rest_route=%2Fwp%2Fv2%2Ftags&post=3760"}],"curies":[{"name":"wp","href":"https:\/\/api.w.org\/{rel}","templated":true}]}}