{"id":376,"date":"2024-05-03T15:52:38","date_gmt":"2024-05-03T21:52:38","guid":{"rendered":"https:\/\/trabucoradio.com\/home\/?p=376"},"modified":"2024-05-03T15:53:42","modified_gmt":"2024-05-03T21:53:42","slug":"en-cardenas-es-tomas-y-en-tabasco-focil-juan-manuel-focil%f0%9f%91%87","status":"publish","type":"post","link":"https:\/\/trabucoradio.com\/home\/?p=376","title":{"rendered":"\u00abEN C\u00c1RDENAS ES TOM\u00c1S Y EN TABASCO F\u00d3CIL\u00bb: JUAN MANUEL F\u00d3CIL\ud83d\udc47"},"content":{"rendered":"<p> \u00abEN C\u00c1RDENAS ES TOM\u00c1S Y EN TABASCO F\u00d3CIL\u00bb: JUAN MANUEL F\u00d3CIL\ud83d\udc47\ud83c\udf1e\ud83c\udf45<\/p>\n<p>Para el candidato del Partido Revolucionario Democr\u00e1tico al gobierno de Tabasco, Juan Manuel F\u00f3cil P\u00e9rez, las boletas del 02 de junio se ver\u00e1n tachadas de amarillo, ya que el pueblo har\u00e1 una \u201cvaloraci\u00f3n real de su voto\u201d y no le dar\u00e1 oportunidad a malos gobiernos como lo fue Morena, a su vez vaticin\u00f3 que en #Ca\u0301rdenas, ganar\u00e1 Tom\u00e1s Brito, no solo por la fuerza que representan en conjunto con el #PRD, sino porque los cardenenses tienen claro que con los candidatos del Sol Azteca, la tranquilidad regresar\u00e1 al municipio, abund\u00f3. <\/p>\n<p>Esta tarde, en la cabina de Trabuco-Radio, en el espacio informativo de Trabuco Noticias con Miguel \u00c1ngel Buitron \u00c1lvarez y Yessica Mar\u00edn Ramos, estuvo el abanderado del PRD al gobierno del Estado, Juan Manuel F\u00f3cil P\u00e9rez, quien dijo que, como temas prioritarios en caso de llegar a ser el pr\u00f3ximo gobernador de Tabasco, est\u00e1 el luchar contra la corrupci\u00f3n, abordar las deficiencias en el sistema de salud y recuperar el tejido social de los tabasque\u00f1os. <\/p>\n<p>F\u00f3cil P\u00e9rez, explic\u00f3 que, su estrategia para restaurar la seguridad y el tejido social en Tabasco, consistir\u00e1 en restructurar al gremio policiaco; con sueldos dignos, pensiones al 100%, con un seguro de vida de un mill\u00f3n de pesos, y no siguiendo el modelo de \u201cabrazos y no balazos\u201d de AMLO. <\/p>\n<p>Tambi\u00e9n, el abanderado del Sol Azteca, hizo un llamado a la ciudadan\u00eda a blindar las casillas el d\u00eda de la elecci\u00f3n para que se respete sea cual sea el resultado y no ser v\u00edctimas, otro fraude electoral, asegur\u00f3. <\/p>\n","protected":false},"excerpt":{"rendered":"<p>\u00abEN C\u00c1RDENAS ES TOM\u00c1S Y EN TABASCO F\u00d3CIL\u00bb: JUAN MANUEL F\u00d3CIL\ud83d\udc47\ud83c\udf1e\ud83c\udf45 Para el candidato del Partido Revolucionario Democr\u00e1tico al gobierno de Tabasco, Juan Manuel F\u00f3cil P\u00e9rez, las boletas del 02 de junio se ver\u00e1n tachadas de amarillo, ya que el pueblo har\u00e1 una \u201cvaloraci\u00f3n real de su voto\u201d y no le dar\u00e1 oportunidad a malos [&hellip;]<\/p>\n","protected":false},"author":1,"featured_media":377,"comment_status":"open","ping_status":"open","sticky":false,"template":"","format":"standard","meta":{"footnotes":""},"categories":[3],"tags":[],"class_list":["post-376","post","type-post","status-publish","format-standard","has-post-thumbnail","hentry","category-politica"],"_links":{"self":[{"href":"https:\/\/trabucoradio.com\/home\/index.php?rest_route=\/wp\/v2\/posts\/376","targetHints":{"allow":["GET"]}}],"collection":[{"href":"https:\/\/trabucoradio.com\/home\/index.php?rest_route=\/wp\/v2\/posts"}],"about":[{"href":"https:\/\/trabucoradio.com\/home\/index.php?rest_route=\/wp\/v2\/types\/post"}],"author":[{"embeddable":true,"href":"https:\/\/trabucoradio.com\/home\/index.php?rest_route=\/wp\/v2\/users\/1"}],"replies":[{"embeddable":true,"href":"https:\/\/trabucoradio.com\/home\/index.php?rest_route=%2Fwp%2Fv2%2Fcomments&post=376"}],"version-history":[{"count":1,"href":"https:\/\/trabucoradio.com\/home\/index.php?rest_route=\/wp\/v2\/posts\/376\/revisions"}],"predecessor-version":[{"id":378,"href":"https:\/\/trabucoradio.com\/home\/index.php?rest_route=\/wp\/v2\/posts\/376\/revisions\/378"}],"wp:featuredmedia":[{"embeddable":true,"href":"https:\/\/trabucoradio.com\/home\/index.php?rest_route=\/wp\/v2\/media\/377"}],"wp:attachment":[{"href":"https:\/\/trabucoradio.com\/home\/index.php?rest_route=%2Fwp%2Fv2%2Fmedia&parent=376"}],"wp:term":[{"taxonomy":"category","embeddable":true,"href":"https:\/\/trabucoradio.com\/home\/index.php?rest_route=%2Fwp%2Fv2%2Fcategories&post=376"},{"taxonomy":"post_tag","embeddable":true,"href":"https:\/\/trabucoradio.com\/home\/index.php?rest_route=%2Fwp%2Fv2%2Ftags&post=376"}],"curies":[{"name":"wp","href":"https:\/\/api.w.org\/{rel}","templated":true}]}}