{"id":3757,"date":"2025-07-16T15:45:40","date_gmt":"2025-07-16T21:45:40","guid":{"rendered":"https:\/\/trabucoradio.com\/home\/?p=3757"},"modified":"2025-07-16T15:45:40","modified_gmt":"2025-07-16T21:45:40","slug":"dif-tabasco-lanza-convocatoria-encauzarte-para-plasmar-mediante-murales-artisticos-la-tolerancia-el-respeto-y-la-inclusion","status":"publish","type":"post","link":"https:\/\/trabucoradio.com\/home\/?p=3757","title":{"rendered":"DIF TABASCO LANZA CONVOCATORIA \u201cENCAUZARTE\u201d, PARA PLASMAR MEDIANTE MURALES ART\u00cdSTICOS LA TOLERANCIA, EL RESPETO Y LA INCLUSI\u00d3N"},"content":{"rendered":"<div class=\"xdj266r x14z9mp xat24cr x1lziwak x1vvkbs x126k92a\">\n<div dir=\"auto\">DIF TABASCO LANZA CONVOCATORIA \u201cENCAUZARTE\u201d, PARA PLASMAR MEDIANTE MURALES ART\u00cdSTICOS LA TOLERANCIA, EL RESPETO Y LA INCLUSI\u00d3N<\/div>\n<\/div>\n<div dir=\"auto\"><\/div>\n<div dir=\"auto\"><\/div>\n<div class=\"xdj266r x14z9mp xat24cr x1lziwak x1vvkbs x126k92a\">\n<div dir=\"auto\"><\/div>\n<\/div>\n<div class=\"x14z9mp xat24cr x1lziwak x1vvkbs xtlvy1s x126k92a\">\n<div dir=\"auto\">Para sensibilizar y promover la inclusi\u00f3n social, el Sistema para el Desarrollo Integral de la Familia (DIF) Tabasco lanz\u00f3 la convocatoria del programa cultural \u201cEncauzArte, Responsabilidad social a trav\u00e9s del Arte\u201d, iniciativa que convoca a las y los tabasque\u00f1os a participar para mediante la pintura de murales, vestir de empat\u00eda, integraci\u00f3n, arte y esperanza el Centro de Rehabilitaci\u00f3n y Educaci\u00f3n especial \u00a0(CREE).<\/div>\n<div dir=\"auto\"><\/div>\n<\/div>\n<div class=\"x14z9mp xat24cr x1lziwak x1vvkbs xtlvy1s x126k92a\">\n<div dir=\"auto\">En coordinaci\u00f3n con la Direcci\u00f3n de Rehabilitaci\u00f3n e Inclusi\u00f3n, este mi\u00e9rcoles, se hicieron p\u00fablicas las bases para que personas con discapacidad, personas adultas mayores y estudiantes de la entidad se unan en la creaci\u00f3n de murales \u00a0art\u00edsticos en 900 metros cuadros de pared, que estimulen los sentidos de quienes acuden en busca de alivio y rehabilitaci\u00f3n.<\/div>\n<div dir=\"auto\"><\/div>\n<\/div>\n<div class=\"x14z9mp xat24cr x1lziwak x1vvkbs xtlvy1s x126k92a\">\n<div dir=\"auto\">En rueda de prensa, el coordinador del organismo, V\u00edctor de Dios G\u00f3mez, inform\u00f3 que el CREE atiende a m\u00e1s 400 personas diariamente, las que merecen un espacio alegre, por lo que quienes participen aportar\u00e1n su granito de arena en materia de rehabilitaci\u00f3n, \u201cya que no se trata nada m\u00e1s de rehabilitar f\u00edsicamente, es tambi\u00e9n rehabilitar la mente y el coraz\u00f3n\u201d.<\/div>\n<div dir=\"auto\"><\/div>\n<\/div>\n<div class=\"x14z9mp xat24cr x1lziwak x1vvkbs xtlvy1s x126k92a\">\n<div dir=\"auto\">En su turno, la directora de Rehabilitaci\u00f3n e Inclusi\u00f3n, Aline Torres Montejo, calific\u00f3 como una excelente propuesta para que, en esta temporada vacacional, ni\u00f1as, ni\u00f1os y adolescentes, encuentren un espacio de expresi\u00f3n, en el que adem\u00e1s fomenten la responsabilidad e inclusi\u00f3n social, pues a trav\u00e9s del CREE se brindan m\u00e1s de 700 terapias a quienes sufren de amputaciones, secuelas de accidentes, infartos cerebrales, entre otros.<\/div>\n<div dir=\"auto\"><\/div>\n<\/div>\n<div class=\"x14z9mp xat24cr x1lziwak x1vvkbs xtlvy1s x126k92a\">\n<div dir=\"auto\">La servidora p\u00fablica agreg\u00f3 que los estudiantes de universidades que formen parte del convenio vigente con el DIF Tabasco del Gobierno del estado de Tabasco \u00a0y que participen en este proyecto, podr\u00e1n recibir constancias de Horas de Pr\u00e1ctica de Servicio Social o Pr\u00e1ctica Profesional. La intenci\u00f3n, dijo, es armar grupos de 15 personas, sin que sea limitativo el n\u00famero de participantes; todos ellos ser\u00e1n asistidos por artistas pl\u00e1sticos tabasque\u00f1os, con la gu\u00eda de Karla Sierra.<\/div>\n<div dir=\"auto\"><\/div>\n<\/div>\n<div class=\"x14z9mp xat24cr x1lziwak x1vvkbs xtlvy1s x126k92a\">\n<div dir=\"auto\">Del 21 al 15 agosto los interesados podr\u00e1n realizar el registro y env\u00edo de sus bosquejos o propuestas al correo electr\u00f3nico: encauzartediftab@gmail.com; el 19 de agosto se realizar\u00e1 una reuni\u00f3n de presentaci\u00f3n y recorrido por las instalaciones del CREE para asignaci\u00f3n de espacios a muralizar. La pintura de los murales art\u00edsticos comenzar\u00e1 el 21 de agosto, los que ser\u00e1n inaugurados el 3 de diciembre, en el marco del D\u00eda Mundial de la Discapacidad.<\/div>\n<\/div>\n","protected":false},"excerpt":{"rendered":"<p>DIF TABASCO LANZA CONVOCATORIA \u201cENCAUZARTE\u201d, PARA PLASMAR MEDIANTE MURALES ART\u00cdSTICOS LA TOLERANCIA, EL RESPETO Y LA INCLUSI\u00d3N Para sensibilizar y promover la inclusi\u00f3n social, el Sistema para el Desarrollo Integral de la Familia (DIF) Tabasco lanz\u00f3 la convocatoria del programa cultural \u201cEncauzArte, Responsabilidad social a trav\u00e9s del Arte\u201d, iniciativa que convoca a las y los [&hellip;]<\/p>\n","protected":false},"author":1,"featured_media":3758,"comment_status":"open","ping_status":"open","sticky":false,"template":"","format":"standard","meta":{"footnotes":""},"categories":[4],"tags":[],"class_list":["post-3757","post","type-post","status-publish","format-standard","has-post-thumbnail","hentry","category-noticias"],"_links":{"self":[{"href":"https:\/\/trabucoradio.com\/home\/index.php?rest_route=\/wp\/v2\/posts\/3757","targetHints":{"allow":["GET"]}}],"collection":[{"href":"https:\/\/trabucoradio.com\/home\/index.php?rest_route=\/wp\/v2\/posts"}],"about":[{"href":"https:\/\/trabucoradio.com\/home\/index.php?rest_route=\/wp\/v2\/types\/post"}],"author":[{"embeddable":true,"href":"https:\/\/trabucoradio.com\/home\/index.php?rest_route=\/wp\/v2\/users\/1"}],"replies":[{"embeddable":true,"href":"https:\/\/trabucoradio.com\/home\/index.php?rest_route=%2Fwp%2Fv2%2Fcomments&post=3757"}],"version-history":[{"count":1,"href":"https:\/\/trabucoradio.com\/home\/index.php?rest_route=\/wp\/v2\/posts\/3757\/revisions"}],"predecessor-version":[{"id":3759,"href":"https:\/\/trabucoradio.com\/home\/index.php?rest_route=\/wp\/v2\/posts\/3757\/revisions\/3759"}],"wp:featuredmedia":[{"embeddable":true,"href":"https:\/\/trabucoradio.com\/home\/index.php?rest_route=\/wp\/v2\/media\/3758"}],"wp:attachment":[{"href":"https:\/\/trabucoradio.com\/home\/index.php?rest_route=%2Fwp%2Fv2%2Fmedia&parent=3757"}],"wp:term":[{"taxonomy":"category","embeddable":true,"href":"https:\/\/trabucoradio.com\/home\/index.php?rest_route=%2Fwp%2Fv2%2Fcategories&post=3757"},{"taxonomy":"post_tag","embeddable":true,"href":"https:\/\/trabucoradio.com\/home\/index.php?rest_route=%2Fwp%2Fv2%2Ftags&post=3757"}],"curies":[{"name":"wp","href":"https:\/\/api.w.org\/{rel}","templated":true}]}}