{"id":3735,"date":"2025-07-14T09:54:44","date_gmt":"2025-07-14T15:54:44","guid":{"rendered":"https:\/\/trabucoradio.com\/home\/?p=3735"},"modified":"2025-07-14T09:54:44","modified_gmt":"2025-07-14T15:54:44","slug":"proponen-crear-un-observatorio-contra-ciberodio-en-mexico","status":"publish","type":"post","link":"https:\/\/trabucoradio.com\/home\/?p=3735","title":{"rendered":"PROPONEN CREAR UN OBSERVATORIO CONTRA CIBERODIO EN M\u00c9XICO"},"content":{"rendered":"<p>PROPONEN CREAR UN OBSERVATORIO CONTRA CIBERODIO EN M\u00c9XICO<\/p>\n<p>&nbsp;<\/p>\n<p>Una investigadora del\u00a0Instituto Polit\u00e9cnico Nacional\u00a0(IPN) propuso la creaci\u00f3n del primer Observatorio Digital contra el\u00a0Ciberodio\u00a0en M\u00e9xico ante el crecimiento acelerado mensajes de\u00a0odio en redes sociales\u00a0y plataformas digitales.<\/p>\n<p>Gina Gallegos Garc\u00eda, jefa del laboratorio de\u00a0ciberseguridad\u00a0del Centro de Investigaci\u00f3n en Computaci\u00f3n (CIC), indic\u00f3 la urgencia establecer un frente com\u00fan que permita monitorear, analizar y combatir los discursos de odio que se generan en l\u00ednea.<\/p>\n<p>Asimismo, advirti\u00f3 que los discursos de odio no se quedan en el entorno digital, sino que generan secuelas emocionales graves, como\u00a0ansiedad,\u00a0depresi\u00f3n\u00a0y\u00a0estr\u00e9s, por lo que propuso \u00a0una respuesta colectiva que incluya a instituciones, sociedad civil, academia y gobierno.<\/p>\n<p>Gallegos Garc\u00eda explic\u00f3 que pa\u00edses europeos ya cuentan con observatorios especializados que vigilan el comportamiento en\u00a0redes sociales, identifican causas estructurales y desarrollan estrategias para contener este fen\u00f3meno que afecta especialmente a los j\u00f3venes y a las comunidades vulnerables.<\/p>\n<p>Sin embargo, se\u00f1ala que uno de los principales retos para este observatorio ser\u00e1 el desarrollo de aplicaciones que utilicen\u00a0inteligencia artificial\u00a0(IA) para detectar y filtrar los mensajes de odio.<\/p>\n","protected":false},"excerpt":{"rendered":"<p>PROPONEN CREAR UN OBSERVATORIO CONTRA CIBERODIO EN M\u00c9XICO &nbsp; Una investigadora del\u00a0Instituto Polit\u00e9cnico Nacional\u00a0(IPN) propuso la creaci\u00f3n del primer Observatorio Digital contra el\u00a0Ciberodio\u00a0en M\u00e9xico ante el crecimiento acelerado mensajes de\u00a0odio en redes sociales\u00a0y plataformas digitales. Gina Gallegos Garc\u00eda, jefa del laboratorio de\u00a0ciberseguridad\u00a0del Centro de Investigaci\u00f3n en Computaci\u00f3n (CIC), indic\u00f3 la urgencia establecer un frente com\u00fan [&hellip;]<\/p>\n","protected":false},"author":1,"featured_media":3736,"comment_status":"open","ping_status":"open","sticky":false,"template":"","format":"standard","meta":{"footnotes":""},"categories":[4],"tags":[],"class_list":["post-3735","post","type-post","status-publish","format-standard","has-post-thumbnail","hentry","category-noticias"],"_links":{"self":[{"href":"https:\/\/trabucoradio.com\/home\/index.php?rest_route=\/wp\/v2\/posts\/3735","targetHints":{"allow":["GET"]}}],"collection":[{"href":"https:\/\/trabucoradio.com\/home\/index.php?rest_route=\/wp\/v2\/posts"}],"about":[{"href":"https:\/\/trabucoradio.com\/home\/index.php?rest_route=\/wp\/v2\/types\/post"}],"author":[{"embeddable":true,"href":"https:\/\/trabucoradio.com\/home\/index.php?rest_route=\/wp\/v2\/users\/1"}],"replies":[{"embeddable":true,"href":"https:\/\/trabucoradio.com\/home\/index.php?rest_route=%2Fwp%2Fv2%2Fcomments&post=3735"}],"version-history":[{"count":1,"href":"https:\/\/trabucoradio.com\/home\/index.php?rest_route=\/wp\/v2\/posts\/3735\/revisions"}],"predecessor-version":[{"id":3737,"href":"https:\/\/trabucoradio.com\/home\/index.php?rest_route=\/wp\/v2\/posts\/3735\/revisions\/3737"}],"wp:featuredmedia":[{"embeddable":true,"href":"https:\/\/trabucoradio.com\/home\/index.php?rest_route=\/wp\/v2\/media\/3736"}],"wp:attachment":[{"href":"https:\/\/trabucoradio.com\/home\/index.php?rest_route=%2Fwp%2Fv2%2Fmedia&parent=3735"}],"wp:term":[{"taxonomy":"category","embeddable":true,"href":"https:\/\/trabucoradio.com\/home\/index.php?rest_route=%2Fwp%2Fv2%2Fcategories&post=3735"},{"taxonomy":"post_tag","embeddable":true,"href":"https:\/\/trabucoradio.com\/home\/index.php?rest_route=%2Fwp%2Fv2%2Ftags&post=3735"}],"curies":[{"name":"wp","href":"https:\/\/api.w.org\/{rel}","templated":true}]}}