{"id":3732,"date":"2025-07-14T09:52:12","date_gmt":"2025-07-14T15:52:12","guid":{"rendered":"https:\/\/trabucoradio.com\/home\/?p=3732"},"modified":"2025-07-14T09:52:12","modified_gmt":"2025-07-14T15:52:12","slug":"sheinbaum-demandara-al-abogado-de-ovidio-guzman-por-difamacion","status":"publish","type":"post","link":"https:\/\/trabucoradio.com\/home\/?p=3732","title":{"rendered":"SHEINBAUM DEMANDAR\u00c1 AL ABOGADO DE OVIDIO GUZM\u00c1N POR DIFAMACI\u00d3N"},"content":{"rendered":"<p>SHEINBAUM DEMANDAR\u00c1 AL ABOGADO DE OVIDIO GUZM\u00c1N POR DIFAMACI\u00d3N<\/p>\n<p>&nbsp;<\/p>\n<p>La presidenta\u00a0Claudia Sheinbaum Pardo, asegur\u00f3 este lunes que presentar\u00e1 una demanda por\u00a0difamaci\u00f3n\u00a0contra el abogado de Ovidio Guzm\u00e1n, Jeffrey Lichtman, por sus recientes declaraciones.<\/p>\n<p>&nbsp;<\/p>\n<p>\u00abNo voy a establecer di\u00e1logo con un abogado de un narcotraficante, vamos a presentar una demanda por difamaci\u00f3n aqu\u00ed en M\u00e9xico, no se puede dejar pasar, a trav\u00e9s de la\u00a0Consejer\u00eda Jur\u00eddica\u00bb, anunci\u00f3 la mandataria durante su conferencia de prensa matutina.<\/p>\n<p>&nbsp;<\/p>\n<p>\u00abEl contenido de lo que dijo, no en relaci\u00f3n a mi persona porque no vale la pena entrar a eso, sobre el caso Cienfuegos es importante que la Fiscal\u00eda aclare el tema, que se describa c\u00f3mo fue el caso\u00bb, agreg\u00f3.<\/p>\n<p>&nbsp;<\/p>\n<p>Su declaraci\u00f3n ocurre luego de que la defensa del hijo del Chapo se\u00f1al\u00f3 que Sheinbaum es una \u00abrelacionista p\u00fablica de una\u00a0organizaci\u00f3n narcotraficante\u00bb. Previamente, calific\u00f3 como absurdas las intenciones del gobierno de M\u00e9xico de participar en el proceso de su cliente.<\/p>\n","protected":false},"excerpt":{"rendered":"<p>SHEINBAUM DEMANDAR\u00c1 AL ABOGADO DE OVIDIO GUZM\u00c1N POR DIFAMACI\u00d3N &nbsp; La presidenta\u00a0Claudia Sheinbaum Pardo, asegur\u00f3 este lunes que presentar\u00e1 una demanda por\u00a0difamaci\u00f3n\u00a0contra el abogado de Ovidio Guzm\u00e1n, Jeffrey Lichtman, por sus recientes declaraciones. &nbsp; \u00abNo voy a establecer di\u00e1logo con un abogado de un narcotraficante, vamos a presentar una demanda por difamaci\u00f3n aqu\u00ed en M\u00e9xico, [&hellip;]<\/p>\n","protected":false},"author":1,"featured_media":3733,"comment_status":"open","ping_status":"open","sticky":false,"template":"","format":"standard","meta":{"footnotes":""},"categories":[4],"tags":[],"class_list":["post-3732","post","type-post","status-publish","format-standard","has-post-thumbnail","hentry","category-noticias"],"_links":{"self":[{"href":"https:\/\/trabucoradio.com\/home\/index.php?rest_route=\/wp\/v2\/posts\/3732","targetHints":{"allow":["GET"]}}],"collection":[{"href":"https:\/\/trabucoradio.com\/home\/index.php?rest_route=\/wp\/v2\/posts"}],"about":[{"href":"https:\/\/trabucoradio.com\/home\/index.php?rest_route=\/wp\/v2\/types\/post"}],"author":[{"embeddable":true,"href":"https:\/\/trabucoradio.com\/home\/index.php?rest_route=\/wp\/v2\/users\/1"}],"replies":[{"embeddable":true,"href":"https:\/\/trabucoradio.com\/home\/index.php?rest_route=%2Fwp%2Fv2%2Fcomments&post=3732"}],"version-history":[{"count":1,"href":"https:\/\/trabucoradio.com\/home\/index.php?rest_route=\/wp\/v2\/posts\/3732\/revisions"}],"predecessor-version":[{"id":3734,"href":"https:\/\/trabucoradio.com\/home\/index.php?rest_route=\/wp\/v2\/posts\/3732\/revisions\/3734"}],"wp:featuredmedia":[{"embeddable":true,"href":"https:\/\/trabucoradio.com\/home\/index.php?rest_route=\/wp\/v2\/media\/3733"}],"wp:attachment":[{"href":"https:\/\/trabucoradio.com\/home\/index.php?rest_route=%2Fwp%2Fv2%2Fmedia&parent=3732"}],"wp:term":[{"taxonomy":"category","embeddable":true,"href":"https:\/\/trabucoradio.com\/home\/index.php?rest_route=%2Fwp%2Fv2%2Fcategories&post=3732"},{"taxonomy":"post_tag","embeddable":true,"href":"https:\/\/trabucoradio.com\/home\/index.php?rest_route=%2Fwp%2Fv2%2Ftags&post=3732"}],"curies":[{"name":"wp","href":"https:\/\/api.w.org\/{rel}","templated":true}]}}