{"id":3729,"date":"2025-07-14T09:50:19","date_gmt":"2025-07-14T15:50:19","guid":{"rendered":"https:\/\/trabucoradio.com\/home\/?p=3729"},"modified":"2025-07-14T09:50:19","modified_gmt":"2025-07-14T15:50:19","slug":"inauguran-copa-femenil-juega-como-nina-organizada-por-el-iem","status":"publish","type":"post","link":"https:\/\/trabucoradio.com\/home\/?p=3729","title":{"rendered":"INAUGURAN COPA FEMENIL &#8216;JUEGA COMO NI\u00d1A&#8217; ORGANIZADA POR EL IEM"},"content":{"rendered":"<p>INAUGURAN COPA FEMENIL &#8216;JUEGA COMO NI\u00d1A&#8217; ORGANIZADA POR EL IEM<\/p>\n<p>&nbsp;<\/p>\n<p>&nbsp;<\/p>\n<p>El gobernador Javier May Rodr\u00edguez inaugur\u00f3\u00a0 la primera Copa Femenil\u00a0 \u00abJuega como ni\u00f1a\u00bb organizada por el Instituto Estatal de las Mujeres (IEM), con la\u00a0 participaci\u00f3n de m\u00e1s de\u00a0240\u00a0futbolistas de todo el estado.<\/p>\n<p>El mandatario destac\u00f3 la participaci\u00f3n de la mujeres en el deporte, lo que refleja un avance en el\u00a0reconocimiento\u00a0de sus\u00a0derechos.<\/p>\n<p>La directora del IEM Claudia Maga\u00f1a Lugo, agradeci\u00f3 el respaldo del gobernador a esta\u00a0iniciativa\u00a0que fortalece el aprendizaje y desarrollo de ni\u00f1as,\u00a0adolescentes\u00a0y\u00a0mujeres.<\/p>\n<p>La funcionaria resalt\u00f3 la importancia de educar sin estereotipos de g\u00e9nero y de\u00a0 fomentar el deporte como una herramienta para alcanzar la equidad e igualdad.<\/p>\n<p>El torneo organizado por el IEM en coordinaci\u00f3n con el Injudet se realiz\u00f3 en el Estadio Ol\u00edmpico de Villahermosa, donde se dieron cita familiares de las jugadoras.<\/p>\n","protected":false},"excerpt":{"rendered":"<p>INAUGURAN COPA FEMENIL &#8216;JUEGA COMO NI\u00d1A&#8217; ORGANIZADA POR EL IEM &nbsp; &nbsp; El gobernador Javier May Rodr\u00edguez inaugur\u00f3\u00a0 la primera Copa Femenil\u00a0 \u00abJuega como ni\u00f1a\u00bb organizada por el Instituto Estatal de las Mujeres (IEM), con la\u00a0 participaci\u00f3n de m\u00e1s de\u00a0240\u00a0futbolistas de todo el estado. El mandatario destac\u00f3 la participaci\u00f3n de la mujeres en el deporte, [&hellip;]<\/p>\n","protected":false},"author":1,"featured_media":3730,"comment_status":"open","ping_status":"open","sticky":false,"template":"","format":"standard","meta":{"footnotes":""},"categories":[4],"tags":[],"class_list":["post-3729","post","type-post","status-publish","format-standard","has-post-thumbnail","hentry","category-noticias"],"_links":{"self":[{"href":"https:\/\/trabucoradio.com\/home\/index.php?rest_route=\/wp\/v2\/posts\/3729","targetHints":{"allow":["GET"]}}],"collection":[{"href":"https:\/\/trabucoradio.com\/home\/index.php?rest_route=\/wp\/v2\/posts"}],"about":[{"href":"https:\/\/trabucoradio.com\/home\/index.php?rest_route=\/wp\/v2\/types\/post"}],"author":[{"embeddable":true,"href":"https:\/\/trabucoradio.com\/home\/index.php?rest_route=\/wp\/v2\/users\/1"}],"replies":[{"embeddable":true,"href":"https:\/\/trabucoradio.com\/home\/index.php?rest_route=%2Fwp%2Fv2%2Fcomments&post=3729"}],"version-history":[{"count":1,"href":"https:\/\/trabucoradio.com\/home\/index.php?rest_route=\/wp\/v2\/posts\/3729\/revisions"}],"predecessor-version":[{"id":3731,"href":"https:\/\/trabucoradio.com\/home\/index.php?rest_route=\/wp\/v2\/posts\/3729\/revisions\/3731"}],"wp:featuredmedia":[{"embeddable":true,"href":"https:\/\/trabucoradio.com\/home\/index.php?rest_route=\/wp\/v2\/media\/3730"}],"wp:attachment":[{"href":"https:\/\/trabucoradio.com\/home\/index.php?rest_route=%2Fwp%2Fv2%2Fmedia&parent=3729"}],"wp:term":[{"taxonomy":"category","embeddable":true,"href":"https:\/\/trabucoradio.com\/home\/index.php?rest_route=%2Fwp%2Fv2%2Fcategories&post=3729"},{"taxonomy":"post_tag","embeddable":true,"href":"https:\/\/trabucoradio.com\/home\/index.php?rest_route=%2Fwp%2Fv2%2Ftags&post=3729"}],"curies":[{"name":"wp","href":"https:\/\/api.w.org\/{rel}","templated":true}]}}