{"id":3726,"date":"2025-07-14T09:47:08","date_gmt":"2025-07-14T15:47:08","guid":{"rendered":"https:\/\/trabucoradio.com\/home\/?p=3726"},"modified":"2025-07-14T09:47:08","modified_gmt":"2025-07-14T15:47:08","slug":"impulsa-alcaldesa-de-huimanguillo-el-deporte-infantil","status":"publish","type":"post","link":"https:\/\/trabucoradio.com\/home\/?p=3726","title":{"rendered":"IMPULSA ALCALDESA DE HUIMANGUILLO EL DEPORTE INFANTIL"},"content":{"rendered":"<div class=\"xdj266r x14z9mp xat24cr x1lziwak x1vvkbs x126k92a\">\n<div dir=\"auto\">IMPULSA ALCALDESA DE HUIMANGUILLO EL DEPORTE INFANTIL<\/div>\n<div dir=\"auto\"><\/div>\n<\/div>\n<div class=\"x14z9mp xat24cr x1lziwak x1vvkbs xtlvy1s x126k92a\">\n<div dir=\"auto\">La alcaldesa Mari Luz Vel\u00e1zquez Jim\u00e9nez asisti\u00f3 a la Gran Final de la Liga de F\u00fatbol Infantil Escolar 2024\u20132025 \u201cProfesor Rub\u00e9n Escobar Arias\u201d, donde encabez\u00f3 la ceremonia de premiaci\u00f3n.<\/div>\n<\/div>\n<div class=\"x14z9mp xat24cr x1lziwak x1vvkbs xtlvy1s x126k92a\">\n<div dir=\"auto\">Durante el evento, la Escuela Primaria Aureliano Colorado Calles se coron\u00f3 campeona, mientras que la Gabriel Guerra Gast\u00e9lum obtuvo el subcampeonato.<\/div>\n<div dir=\"auto\"><\/div>\n<\/div>\n<div class=\"x14z9mp xat24cr x1lziwak x1vvkbs xtlvy1s x126k92a\">\n<div dir=\"auto\">La presidenta municipal reconoci\u00f3 a todas y todos los participantes por su esfuerzo y disciplina, y los exhort\u00f3 a continuar desarrollando su talento a trav\u00e9s del deporte.<\/div>\n<div dir=\"auto\"><\/div>\n<\/div>\n<div class=\"x14z9mp xat24cr x1lziwak x1vvkbs xtlvy1s x126k92a\">\n<div dir=\"auto\">\u201cEn Huimanguillo seguimos impulsando el deporte y respaldando el bienestar de nuestra ni\u00f1ez\u201d, afirm\u00f3.<\/div>\n<\/div>\n","protected":false},"excerpt":{"rendered":"<p>IMPULSA ALCALDESA DE HUIMANGUILLO EL DEPORTE INFANTIL La alcaldesa Mari Luz Vel\u00e1zquez Jim\u00e9nez asisti\u00f3 a la Gran Final de la Liga de F\u00fatbol Infantil Escolar 2024\u20132025 \u201cProfesor Rub\u00e9n Escobar Arias\u201d, donde encabez\u00f3 la ceremonia de premiaci\u00f3n. Durante el evento, la Escuela Primaria Aureliano Colorado Calles se coron\u00f3 campeona, mientras que la Gabriel Guerra Gast\u00e9lum obtuvo [&hellip;]<\/p>\n","protected":false},"author":1,"featured_media":3727,"comment_status":"open","ping_status":"open","sticky":false,"template":"","format":"standard","meta":{"footnotes":""},"categories":[4],"tags":[],"class_list":["post-3726","post","type-post","status-publish","format-standard","has-post-thumbnail","hentry","category-noticias"],"_links":{"self":[{"href":"https:\/\/trabucoradio.com\/home\/index.php?rest_route=\/wp\/v2\/posts\/3726","targetHints":{"allow":["GET"]}}],"collection":[{"href":"https:\/\/trabucoradio.com\/home\/index.php?rest_route=\/wp\/v2\/posts"}],"about":[{"href":"https:\/\/trabucoradio.com\/home\/index.php?rest_route=\/wp\/v2\/types\/post"}],"author":[{"embeddable":true,"href":"https:\/\/trabucoradio.com\/home\/index.php?rest_route=\/wp\/v2\/users\/1"}],"replies":[{"embeddable":true,"href":"https:\/\/trabucoradio.com\/home\/index.php?rest_route=%2Fwp%2Fv2%2Fcomments&post=3726"}],"version-history":[{"count":1,"href":"https:\/\/trabucoradio.com\/home\/index.php?rest_route=\/wp\/v2\/posts\/3726\/revisions"}],"predecessor-version":[{"id":3728,"href":"https:\/\/trabucoradio.com\/home\/index.php?rest_route=\/wp\/v2\/posts\/3726\/revisions\/3728"}],"wp:featuredmedia":[{"embeddable":true,"href":"https:\/\/trabucoradio.com\/home\/index.php?rest_route=\/wp\/v2\/media\/3727"}],"wp:attachment":[{"href":"https:\/\/trabucoradio.com\/home\/index.php?rest_route=%2Fwp%2Fv2%2Fmedia&parent=3726"}],"wp:term":[{"taxonomy":"category","embeddable":true,"href":"https:\/\/trabucoradio.com\/home\/index.php?rest_route=%2Fwp%2Fv2%2Fcategories&post=3726"},{"taxonomy":"post_tag","embeddable":true,"href":"https:\/\/trabucoradio.com\/home\/index.php?rest_route=%2Fwp%2Fv2%2Ftags&post=3726"}],"curies":[{"name":"wp","href":"https:\/\/api.w.org\/{rel}","templated":true}]}}