{"id":3723,"date":"2025-07-14T09:44:35","date_gmt":"2025-07-14T15:44:35","guid":{"rendered":"https:\/\/trabucoradio.com\/home\/?p=3723"},"modified":"2025-07-14T09:44:35","modified_gmt":"2025-07-14T15:44:35","slug":"productivo-fin-de-semana-para-la-consolidacion-del-programa-viviendas-para-el-bienestar-se-reune-javier-may-con-titulares-de-sedatu-e-infonavit","status":"publish","type":"post","link":"https:\/\/trabucoradio.com\/home\/?p=3723","title":{"rendered":"PRODUCTIVO FIN DE SEMANA PARA LA CONSOLIDACI\u00d3N DEL PROGRAMA VIVIENDAS PARA EL BIENESTAR; SE RE\u00daNE JAVIER MAY CON TITULARES DE SEDATU E INFONAVIT"},"content":{"rendered":"<div class=\"xdj266r x14z9mp xat24cr x1lziwak x1vvkbs x126k92a\">\n<div dir=\"auto\">PRODUCTIVO FIN DE SEMANA PARA LA CONSOLIDACI\u00d3N DEL PROGRAMA VIVIENDAS PARA EL BIENESTAR; SE RE\u00daNE JAVIER MAY CON TITULARES DE SEDATU E INFONAVIT<\/div>\n<\/div>\n<div dir=\"auto\"><\/div>\n<div dir=\"auto\"><\/div>\n<div class=\"xdj266r x14z9mp xat24cr x1lziwak x1vvkbs x126k92a\">\n<div dir=\"auto\"><\/div>\n<\/div>\n<div class=\"x14z9mp xat24cr x1lziwak x1vvkbs xtlvy1s x126k92a\">\n<div dir=\"auto\">Tabasco cuenta con el apoyo incondicional de la Presidenta Claudia Sheinbaum Pardo, destac\u00f3 el Gobernador Javier May Rodr\u00edguez , luego de recibir en la entidad a la secretaria de Desarrollo Agrario, Territorial y Urbano (Sedatu), Edna Elena Vega Rangel y al director general del Instituto del Fondo Nacional de la Vivienda para los Trabajadores (Infonavit ), Octavio Romero Oropeza.<\/div>\n<\/div>\n<div class=\"x14z9mp xat24cr x1lziwak x1vvkbs xtlvy1s x126k92a\">\n<div dir=\"auto\">El mandatario encabez\u00f3 sendas reuniones de trabajo, en un muy productivo fin de semana para el desarrollo de viviendas en la entidad.<\/div>\n<\/div>\n<div dir=\"auto\"><\/div>\n<div class=\"x14z9mp xat24cr x1lziwak x1vvkbs xtlvy1s x126k92a\">\n<div dir=\"auto\">Con la titular de sedatu evalu\u00f3 los avances del programa de Viviendas para el Bienestar \u201cConstruyendo Esperanzas\u201d, para que posteriormente, la comitiva tambi\u00e9n integrada por representantes de la Comisi\u00f3n Nacional de Vivienda (Conavi) recorriera los predios donde ya comenz\u00f3 la construcci\u00f3n de las casas en los distintos municipios.<\/div>\n<div dir=\"auto\"><\/div>\n<\/div>\n<div class=\"x14z9mp xat24cr x1lziwak x1vvkbs xtlvy1s x126k92a\">\n<div dir=\"auto\">Por su parte, la titular de Sedatu inform\u00f3 que el encuentro fortaleci\u00f3 significativamente el Programa de Viviendas para el Bienestar, el cual se traduce en seguridad y certeza patrimonial para las familias que m\u00e1s lo necesitan, y adelant\u00f3 que producto del trabajo coordinado con el Gobierno de territorio \u201c\u00a1Vienen muchas cosas buenas para el desarrollo del estado!\u201d.<\/div>\n<div dir=\"auto\"><\/div>\n<\/div>\n<div class=\"x14z9mp xat24cr x1lziwak x1vvkbs xtlvy1s x126k92a\">\n<div dir=\"auto\">Junto al director del Infonavit, Octavio Romero, Javier May reconoci\u00f3 que el programa de construcci\u00f3n de viviendas ayudar\u00e1 a cambiar la vidas de muchas tabasque\u00f1as y tabasque\u00f1os.<\/div>\n<\/div>\n","protected":false},"excerpt":{"rendered":"<p>PRODUCTIVO FIN DE SEMANA PARA LA CONSOLIDACI\u00d3N DEL PROGRAMA VIVIENDAS PARA EL BIENESTAR; SE RE\u00daNE JAVIER MAY CON TITULARES DE SEDATU E INFONAVIT Tabasco cuenta con el apoyo incondicional de la Presidenta Claudia Sheinbaum Pardo, destac\u00f3 el Gobernador Javier May Rodr\u00edguez , luego de recibir en la entidad a la secretaria de Desarrollo Agrario, Territorial [&hellip;]<\/p>\n","protected":false},"author":1,"featured_media":3724,"comment_status":"open","ping_status":"open","sticky":false,"template":"","format":"standard","meta":{"footnotes":""},"categories":[4],"tags":[],"class_list":["post-3723","post","type-post","status-publish","format-standard","has-post-thumbnail","hentry","category-noticias"],"_links":{"self":[{"href":"https:\/\/trabucoradio.com\/home\/index.php?rest_route=\/wp\/v2\/posts\/3723","targetHints":{"allow":["GET"]}}],"collection":[{"href":"https:\/\/trabucoradio.com\/home\/index.php?rest_route=\/wp\/v2\/posts"}],"about":[{"href":"https:\/\/trabucoradio.com\/home\/index.php?rest_route=\/wp\/v2\/types\/post"}],"author":[{"embeddable":true,"href":"https:\/\/trabucoradio.com\/home\/index.php?rest_route=\/wp\/v2\/users\/1"}],"replies":[{"embeddable":true,"href":"https:\/\/trabucoradio.com\/home\/index.php?rest_route=%2Fwp%2Fv2%2Fcomments&post=3723"}],"version-history":[{"count":1,"href":"https:\/\/trabucoradio.com\/home\/index.php?rest_route=\/wp\/v2\/posts\/3723\/revisions"}],"predecessor-version":[{"id":3725,"href":"https:\/\/trabucoradio.com\/home\/index.php?rest_route=\/wp\/v2\/posts\/3723\/revisions\/3725"}],"wp:featuredmedia":[{"embeddable":true,"href":"https:\/\/trabucoradio.com\/home\/index.php?rest_route=\/wp\/v2\/media\/3724"}],"wp:attachment":[{"href":"https:\/\/trabucoradio.com\/home\/index.php?rest_route=%2Fwp%2Fv2%2Fmedia&parent=3723"}],"wp:term":[{"taxonomy":"category","embeddable":true,"href":"https:\/\/trabucoradio.com\/home\/index.php?rest_route=%2Fwp%2Fv2%2Fcategories&post=3723"},{"taxonomy":"post_tag","embeddable":true,"href":"https:\/\/trabucoradio.com\/home\/index.php?rest_route=%2Fwp%2Fv2%2Ftags&post=3723"}],"curies":[{"name":"wp","href":"https:\/\/api.w.org\/{rel}","templated":true}]}}