{"id":3715,"date":"2025-07-12T12:55:29","date_gmt":"2025-07-12T18:55:29","guid":{"rendered":"https:\/\/trabucoradio.com\/home\/?p=3715"},"modified":"2025-07-12T12:55:29","modified_gmt":"2025-07-12T18:55:29","slug":"reitera-semades-que-los-animales-de-la-venta-seguiran-en-su-habitat","status":"publish","type":"post","link":"https:\/\/trabucoradio.com\/home\/?p=3715","title":{"rendered":"Reitera SEMADES que los animales de La Venta seguir\u00e1n en su h\u00e1bitat"},"content":{"rendered":"<h1 class=\"py-3 fw-bold text-center text-sm-start\">Reitera SEMADES que los animales de La Venta seguir\u00e1n en su h\u00e1bitat<\/h1>\n<p>La titular de la Secretar\u00eda de Medio Ambiente, Desarrollo Sustentable y Ordenamiento Territorial (SEMADES), Sheila Cadena Nieto,<strong>\u00a0aclar\u00f3 que no existe ninguna intenci\u00f3n de trasladar los animales que actualmente se encuentran en el Parque Museo La Venta,<\/strong>\u00a0y llam\u00f3 a evitar las especulaciones.<\/p>\n<p>La funcionaria se\u00f1al\u00f3 que el proceso de rehabilitaci\u00f3n del parque lleva meses en marcha, y\u00a0<strong>que ya se realizaron diversos recorridos y evaluaciones para renovar los espacios destinados a los animales, los cuales,<\/strong>\u00a0seg\u00fan asegur\u00f3, algunos se encuentran en buen estado.<\/p>\n<p>La funcionaria destac\u00f3 que la rehabilitaci\u00f3n del Parque La Venta forma parte de un plan integral para mejorar las instalaciones y ofrecer mejores condiciones a los animales.\u00a0<strong>Cadena Nieto hizo un llamado a la ciudadan\u00eda a no dejarse llevar por las especulaciones y a confiar en los procesos oficiales.<\/strong><\/p>\n<p>Finalmente, la SEMADES reiter\u00f3 que, por el momento, los animales permanecer\u00e1n en<strong>\u00a0La Venta y que las modificaciones y traslados ser\u00e1n realizados con en caso de presentarse una necesidad por enfermedad de los organismos.<\/strong><\/p>\n","protected":false},"excerpt":{"rendered":"<p>Reitera SEMADES que los animales de La Venta seguir\u00e1n en su h\u00e1bitat La titular de la Secretar\u00eda de Medio Ambiente, Desarrollo Sustentable y Ordenamiento Territorial (SEMADES), Sheila Cadena Nieto,\u00a0aclar\u00f3 que no existe ninguna intenci\u00f3n de trasladar los animales que actualmente se encuentran en el Parque Museo La Venta,\u00a0y llam\u00f3 a evitar las especulaciones. La funcionaria [&hellip;]<\/p>\n","protected":false},"author":1,"featured_media":3716,"comment_status":"open","ping_status":"open","sticky":false,"template":"","format":"standard","meta":{"footnotes":""},"categories":[4],"tags":[],"class_list":["post-3715","post","type-post","status-publish","format-standard","has-post-thumbnail","hentry","category-noticias"],"_links":{"self":[{"href":"https:\/\/trabucoradio.com\/home\/index.php?rest_route=\/wp\/v2\/posts\/3715","targetHints":{"allow":["GET"]}}],"collection":[{"href":"https:\/\/trabucoradio.com\/home\/index.php?rest_route=\/wp\/v2\/posts"}],"about":[{"href":"https:\/\/trabucoradio.com\/home\/index.php?rest_route=\/wp\/v2\/types\/post"}],"author":[{"embeddable":true,"href":"https:\/\/trabucoradio.com\/home\/index.php?rest_route=\/wp\/v2\/users\/1"}],"replies":[{"embeddable":true,"href":"https:\/\/trabucoradio.com\/home\/index.php?rest_route=%2Fwp%2Fv2%2Fcomments&post=3715"}],"version-history":[{"count":1,"href":"https:\/\/trabucoradio.com\/home\/index.php?rest_route=\/wp\/v2\/posts\/3715\/revisions"}],"predecessor-version":[{"id":3717,"href":"https:\/\/trabucoradio.com\/home\/index.php?rest_route=\/wp\/v2\/posts\/3715\/revisions\/3717"}],"wp:featuredmedia":[{"embeddable":true,"href":"https:\/\/trabucoradio.com\/home\/index.php?rest_route=\/wp\/v2\/media\/3716"}],"wp:attachment":[{"href":"https:\/\/trabucoradio.com\/home\/index.php?rest_route=%2Fwp%2Fv2%2Fmedia&parent=3715"}],"wp:term":[{"taxonomy":"category","embeddable":true,"href":"https:\/\/trabucoradio.com\/home\/index.php?rest_route=%2Fwp%2Fv2%2Fcategories&post=3715"},{"taxonomy":"post_tag","embeddable":true,"href":"https:\/\/trabucoradio.com\/home\/index.php?rest_route=%2Fwp%2Fv2%2Ftags&post=3715"}],"curies":[{"name":"wp","href":"https:\/\/api.w.org\/{rel}","templated":true}]}}