{"id":3699,"date":"2025-07-12T12:37:22","date_gmt":"2025-07-12T18:37:22","guid":{"rendered":"https:\/\/trabucoradio.com\/home\/?p=3699"},"modified":"2025-07-12T12:37:22","modified_gmt":"2025-07-12T18:37:22","slug":"inicia-plan-marina-operacion-salvavidas-verano-2025-en-el-estado-de-tabasco","status":"publish","type":"post","link":"https:\/\/trabucoradio.com\/home\/?p=3699","title":{"rendered":"INICIA PLAN MARINA \u00abOPERACI\u00d3N SALVAVIDAS VERANO 2025\u00bb, EN EL ESTADO DE TABASCO"},"content":{"rendered":"<div class=\"x14z9mp xat24cr x1lziwak x1vvkbs xtlvy1s x126k92a\">\n<div dir=\"auto\">INICIA PLAN MARINA \u00abOPERACI\u00d3N SALVAVIDAS VERANO 2025\u00bb, EN EL ESTADO DE TABASCO<\/div>\n<div dir=\"auto\"><\/div>\n<div dir=\"auto\">La Secretar\u00eda de Marina, a trav\u00e9s de la Tercera Regi\u00f3n Naval, inform\u00f3 que ya inici\u00f3 la \u00abOperaci\u00f3n Salvavidas Verano 2025\u00bb, en el marco de la implementaci\u00f3n del Plan <span class=\"html-span xdj266r x14z9mp xat24cr x1lziwak xexx8yu xyri2b x18d9i69 x1c1uobl x1hl2dhg x16tdsg8 x1vvkbs\"><a class=\"x1i10hfl xjbqb8w x1ejq31n x18oe1m7 x1sy0etr xstzfhl x972fbf x10w94by x1qhh985 x14e42zd x9f619 x1ypdohk xt0psk2 xe8uvvx xdj266r x14z9mp xat24cr x1lziwak xexx8yu xyri2b x18d9i69 x1c1uobl x16tdsg8 x1hl2dhg xggy1nq x1a2a7pz xkrqix3 x1sur9pj x1fey0fg x1s688f\" tabindex=\"0\" role=\"link\" href=\"https:\/\/www.facebook.com\/hashtag\/marina?__eep__=6&amp;__cft__[0]=AZWWxJzloSyeYRrTWs0Lfp9nnBBInAhbqkrs3Asypf0mcULUFQZ1nhpAnfWDwOrfIHOznnf1DDVQjfXoiuGJP3dYHGqHrgzK5x6Du45O9oJ90xmZ7v0zmA-6P1jqlnkIj4J9qiKkcZ5qsMS05Y9YKGkFLP-jiarGgHdPmv5wNaaLaPUtF1tq9UYN6Wn2VVzM71w&amp;__tn__=*NK-R\">#Marina<\/a><\/span>, con el objetivo de proporcionar <span class=\"html-span xdj266r x14z9mp xat24cr x1lziwak xexx8yu xyri2b x18d9i69 x1c1uobl x1hl2dhg x16tdsg8 x1vvkbs\"><a class=\"x1i10hfl xjbqb8w x1ejq31n x18oe1m7 x1sy0etr xstzfhl x972fbf x10w94by x1qhh985 x14e42zd x9f619 x1ypdohk xt0psk2 xe8uvvx xdj266r x14z9mp xat24cr x1lziwak xexx8yu xyri2b x18d9i69 x1c1uobl x16tdsg8 x1hl2dhg xggy1nq x1a2a7pz xkrqix3 x1sur9pj x1fey0fg x1s688f\" tabindex=\"0\" role=\"link\" href=\"https:\/\/www.facebook.com\/hashtag\/seguridad?__eep__=6&amp;__cft__[0]=AZWWxJzloSyeYRrTWs0Lfp9nnBBInAhbqkrs3Asypf0mcULUFQZ1nhpAnfWDwOrfIHOznnf1DDVQjfXoiuGJP3dYHGqHrgzK5x6Du45O9oJ90xmZ7v0zmA-6P1jqlnkIj4J9qiKkcZ5qsMS05Y9YKGkFLP-jiarGgHdPmv5wNaaLaPUtF1tq9UYN6Wn2VVzM71w&amp;__tn__=*NK-R\">#seguridad<\/a><\/span> y <span class=\"html-span xdj266r x14z9mp xat24cr x1lziwak xexx8yu xyri2b x18d9i69 x1c1uobl x1hl2dhg x16tdsg8 x1vvkbs\"><a class=\"x1i10hfl xjbqb8w x1ejq31n x18oe1m7 x1sy0etr xstzfhl x972fbf x10w94by x1qhh985 x14e42zd x9f619 x1ypdohk xt0psk2 xe8uvvx xdj266r x14z9mp xat24cr x1lziwak xexx8yu xyri2b x18d9i69 x1c1uobl x16tdsg8 x1hl2dhg xggy1nq x1a2a7pz xkrqix3 x1sur9pj x1fey0fg x1s688f\" tabindex=\"0\" role=\"link\" href=\"https:\/\/www.facebook.com\/hashtag\/vigilancia?__eep__=6&amp;__cft__[0]=AZWWxJzloSyeYRrTWs0Lfp9nnBBInAhbqkrs3Asypf0mcULUFQZ1nhpAnfWDwOrfIHOznnf1DDVQjfXoiuGJP3dYHGqHrgzK5x6Du45O9oJ90xmZ7v0zmA-6P1jqlnkIj4J9qiKkcZ5qsMS05Y9YKGkFLP-jiarGgHdPmv5wNaaLaPUtF1tq9UYN6Wn2VVzM71w&amp;__tn__=*NK-R\">#vigilancia<\/a><\/span>, para resguardar la integridad de los vacacionistas nacionales e internacionales que visiten los principales destinos tur\u00edsticos del pa\u00eds durante la siguiente temporada vacacional, del 11 de julio al 31 de agosto del presente a\u00f1o.<\/div>\n<\/div>\n<div dir=\"auto\"><\/div>\n<div class=\"x14z9mp xat24cr x1lziwak x1vvkbs xtlvy1s x126k92a\">\n<div dir=\"auto\">Dicha operaci\u00f3n se llevar\u00e1 a cabo en las <span class=\"html-span xdj266r x14z9mp xat24cr x1lziwak xexx8yu xyri2b x18d9i69 x1c1uobl x1hl2dhg x16tdsg8 x1vvkbs\"><a class=\"x1i10hfl xjbqb8w x1ejq31n x18oe1m7 x1sy0etr xstzfhl x972fbf x10w94by x1qhh985 x14e42zd x9f619 x1ypdohk xt0psk2 xe8uvvx xdj266r x14z9mp xat24cr x1lziwak xexx8yu xyri2b x18d9i69 x1c1uobl x16tdsg8 x1hl2dhg xggy1nq x1a2a7pz xkrqix3 x1sur9pj x1fey0fg x1s688f\" tabindex=\"0\" role=\"link\" href=\"https:\/\/www.facebook.com\/hashtag\/playas?__eep__=6&amp;__cft__[0]=AZWWxJzloSyeYRrTWs0Lfp9nnBBInAhbqkrs3Asypf0mcULUFQZ1nhpAnfWDwOrfIHOznnf1DDVQjfXoiuGJP3dYHGqHrgzK5x6Du45O9oJ90xmZ7v0zmA-6P1jqlnkIj4J9qiKkcZ5qsMS05Y9YKGkFLP-jiarGgHdPmv5wNaaLaPUtF1tq9UYN6Wn2VVzM71w&amp;__tn__=*NK-R\">#playas<\/a><\/span> de mayor afluencia tur\u00edstica del Municipio de <span class=\"html-span xdj266r x14z9mp xat24cr x1lziwak xexx8yu xyri2b x18d9i69 x1c1uobl x1hl2dhg x16tdsg8 x1vvkbs\"><a class=\"x1i10hfl xjbqb8w x1ejq31n x18oe1m7 x1sy0etr xstzfhl x972fbf x10w94by x1qhh985 x14e42zd x9f619 x1ypdohk xt0psk2 xe8uvvx xdj266r x14z9mp xat24cr x1lziwak xexx8yu xyri2b x18d9i69 x1c1uobl x16tdsg8 x1hl2dhg xggy1nq x1a2a7pz xkrqix3 x1sur9pj x1fey0fg x1s688f\" tabindex=\"0\" role=\"link\" href=\"https:\/\/www.facebook.com\/hashtag\/para%C3%ADso?__eep__=6&amp;__cft__[0]=AZWWxJzloSyeYRrTWs0Lfp9nnBBInAhbqkrs3Asypf0mcULUFQZ1nhpAnfWDwOrfIHOznnf1DDVQjfXoiuGJP3dYHGqHrgzK5x6Du45O9oJ90xmZ7v0zmA-6P1jqlnkIj4J9qiKkcZ5qsMS05Y9YKGkFLP-jiarGgHdPmv5wNaaLaPUtF1tq9UYN6Wn2VVzM71w&amp;__tn__=*NK-R\">#Para\u00edso<\/a><\/span>, Tabasco, as\u00ed como en los centros tur\u00edsticos que son \u00e1reas de responsabilidad de la Armada de M\u00e9xico, en el desempe\u00f1o de sus funciones como Guardia Costera, realiz\u00e1ndose en coordinaci\u00f3n con Protecci\u00f3n Civil, instituciones y autoridades.<\/div>\n<\/div>\n<div dir=\"auto\"><\/div>\n<div class=\"x14z9mp xat24cr x1lziwak x1vvkbs xtlvy1s x126k92a\">\n<div dir=\"auto\">En esta temporada vacacional, se desplegar\u00e1n 26 elementos navales: entre Almirantes, Capitanes, Oficiales, Clases y Mariner\u00eda; asimismo, se desplegar\u00e1n 02 embarcaciones Defender, 02 embarcaciones menores operativas o embarcaciones de reacci\u00f3n inmediata y 02 motos acu\u00e1ticas, encargadas de la vigilancia mar\u00edtima y empleadas para realizar el rescate de las personas que puedan llegar a estar en peligro en la mar; y 05 unidades terrestres, con las que se complement\u00f3 el apoyo para la vigilancia seguridad de las personas, con la misi\u00f3n principal de salvaguardar la vida humana en la mar.<\/div>\n<\/div>\n","protected":false},"excerpt":{"rendered":"<p>INICIA PLAN MARINA \u00abOPERACI\u00d3N SALVAVIDAS VERANO 2025\u00bb, EN EL ESTADO DE TABASCO La Secretar\u00eda de Marina, a trav\u00e9s de la Tercera Regi\u00f3n Naval, inform\u00f3 que ya inici\u00f3 la \u00abOperaci\u00f3n Salvavidas Verano 2025\u00bb, en el marco de la implementaci\u00f3n del Plan #Marina, con el objetivo de proporcionar #seguridad y #vigilancia, para resguardar la integridad de los [&hellip;]<\/p>\n","protected":false},"author":1,"featured_media":3700,"comment_status":"open","ping_status":"open","sticky":false,"template":"","format":"standard","meta":{"footnotes":""},"categories":[4],"tags":[],"class_list":["post-3699","post","type-post","status-publish","format-standard","has-post-thumbnail","hentry","category-noticias"],"_links":{"self":[{"href":"https:\/\/trabucoradio.com\/home\/index.php?rest_route=\/wp\/v2\/posts\/3699","targetHints":{"allow":["GET"]}}],"collection":[{"href":"https:\/\/trabucoradio.com\/home\/index.php?rest_route=\/wp\/v2\/posts"}],"about":[{"href":"https:\/\/trabucoradio.com\/home\/index.php?rest_route=\/wp\/v2\/types\/post"}],"author":[{"embeddable":true,"href":"https:\/\/trabucoradio.com\/home\/index.php?rest_route=\/wp\/v2\/users\/1"}],"replies":[{"embeddable":true,"href":"https:\/\/trabucoradio.com\/home\/index.php?rest_route=%2Fwp%2Fv2%2Fcomments&post=3699"}],"version-history":[{"count":1,"href":"https:\/\/trabucoradio.com\/home\/index.php?rest_route=\/wp\/v2\/posts\/3699\/revisions"}],"predecessor-version":[{"id":3701,"href":"https:\/\/trabucoradio.com\/home\/index.php?rest_route=\/wp\/v2\/posts\/3699\/revisions\/3701"}],"wp:featuredmedia":[{"embeddable":true,"href":"https:\/\/trabucoradio.com\/home\/index.php?rest_route=\/wp\/v2\/media\/3700"}],"wp:attachment":[{"href":"https:\/\/trabucoradio.com\/home\/index.php?rest_route=%2Fwp%2Fv2%2Fmedia&parent=3699"}],"wp:term":[{"taxonomy":"category","embeddable":true,"href":"https:\/\/trabucoradio.com\/home\/index.php?rest_route=%2Fwp%2Fv2%2Fcategories&post=3699"},{"taxonomy":"post_tag","embeddable":true,"href":"https:\/\/trabucoradio.com\/home\/index.php?rest_route=%2Fwp%2Fv2%2Ftags&post=3699"}],"curies":[{"name":"wp","href":"https:\/\/api.w.org\/{rel}","templated":true}]}}