{"id":3693,"date":"2025-07-10T16:25:19","date_gmt":"2025-07-10T22:25:19","guid":{"rendered":"https:\/\/trabucoradio.com\/home\/?p=3693"},"modified":"2025-07-10T16:25:19","modified_gmt":"2025-07-10T22:25:19","slug":"tomar-el-sol-si-es-saludable-expertos-revelan-sus-beneficios","status":"publish","type":"post","link":"https:\/\/trabucoradio.com\/home\/?p=3693","title":{"rendered":"TOMAR EL SOL S\u00cd ES SALUDABLE, EXPERTOS REVELAN SUS BENEFICIOS"},"content":{"rendered":"<p>TOMAR EL SOL S\u00cd ES SALUDABLE, EXPERTOS REVELAN SUS BENEFICIOS<\/p>\n<p>&nbsp;<\/p>\n<p>La evidencia cient\u00edfica es clara en se\u00f1alar que la radiaci\u00f3n ultravioleta provoca envejecimiento cut\u00e1neo prematuro y eleva el riesgo de c\u00e1ncer de piel, advirti\u00f3 la internista Elizabeth\u202fKo (UCLA\u202fHealth) en un an\u00e1lisis citado por The\u202fNew\u202fYork\u202fTimes. Sin embargo, recientes estudios tambi\u00e9n\u00a0han detectado v\u00ednculos (todav\u00eda limitados) entre la exposici\u00f3n moderada a la luz solar y ciertos beneficios\u00a0fisiol\u00f3gicos.<\/p>\n<p>Investigadores brit\u00e1nicos observaron que durante los meses c\u00e1lidos la presi\u00f3n arterial tiende a descender y los problemas cardiovasculares se reducen. El dermat\u00f3logo Richard\u202fWeller, de la Universidad de Edimburgo, se\u00f1ala que la luz ultravioleta estimula en la piel la liberaci\u00f3n de oxido n\u00edtrico, gas que dilata los vasos sangu\u00edneos y contribuye a mantener la tensi\u00f3n en niveles saludables.<\/p>\n<p>En el \u00e1mbito inmunol\u00f3gico, pruebas preliminares sugieren que\u00a0la radiaci\u00f3n UVB puede modular la respuesta inflamatoria. Un ensayo con 11 pacientes con esclerosis m\u00faltiple registr\u00f3 la activaci\u00f3n de c\u00e9lulas que aten\u00faan los brotes de la enfermedad. Resultados similares se han documentado en\u00a0dermatitis at\u00f3pica y psoriasis, apunta la dermat\u00f3loga Jennifer\u202fMcBride.<\/p>\n<p>a luz solar tambi\u00e9n\u00a0interviene en la s\u00edntesis de serotonina, neurotransmisor relacionado con el bienestar emocional, lo que explicar\u00eda la sensaci\u00f3n de \u00e1nimo elevado tras actividades al aire libre,<\/p>\n","protected":false},"excerpt":{"rendered":"<p>TOMAR EL SOL S\u00cd ES SALUDABLE, EXPERTOS REVELAN SUS BENEFICIOS &nbsp; La evidencia cient\u00edfica es clara en se\u00f1alar que la radiaci\u00f3n ultravioleta provoca envejecimiento cut\u00e1neo prematuro y eleva el riesgo de c\u00e1ncer de piel, advirti\u00f3 la internista Elizabeth\u202fKo (UCLA\u202fHealth) en un an\u00e1lisis citado por The\u202fNew\u202fYork\u202fTimes. Sin embargo, recientes estudios tambi\u00e9n\u00a0han detectado v\u00ednculos (todav\u00eda limitados) entre [&hellip;]<\/p>\n","protected":false},"author":1,"featured_media":3694,"comment_status":"open","ping_status":"open","sticky":false,"template":"","format":"standard","meta":{"footnotes":""},"categories":[4],"tags":[],"class_list":["post-3693","post","type-post","status-publish","format-standard","has-post-thumbnail","hentry","category-noticias"],"_links":{"self":[{"href":"https:\/\/trabucoradio.com\/home\/index.php?rest_route=\/wp\/v2\/posts\/3693","targetHints":{"allow":["GET"]}}],"collection":[{"href":"https:\/\/trabucoradio.com\/home\/index.php?rest_route=\/wp\/v2\/posts"}],"about":[{"href":"https:\/\/trabucoradio.com\/home\/index.php?rest_route=\/wp\/v2\/types\/post"}],"author":[{"embeddable":true,"href":"https:\/\/trabucoradio.com\/home\/index.php?rest_route=\/wp\/v2\/users\/1"}],"replies":[{"embeddable":true,"href":"https:\/\/trabucoradio.com\/home\/index.php?rest_route=%2Fwp%2Fv2%2Fcomments&post=3693"}],"version-history":[{"count":1,"href":"https:\/\/trabucoradio.com\/home\/index.php?rest_route=\/wp\/v2\/posts\/3693\/revisions"}],"predecessor-version":[{"id":3695,"href":"https:\/\/trabucoradio.com\/home\/index.php?rest_route=\/wp\/v2\/posts\/3693\/revisions\/3695"}],"wp:featuredmedia":[{"embeddable":true,"href":"https:\/\/trabucoradio.com\/home\/index.php?rest_route=\/wp\/v2\/media\/3694"}],"wp:attachment":[{"href":"https:\/\/trabucoradio.com\/home\/index.php?rest_route=%2Fwp%2Fv2%2Fmedia&parent=3693"}],"wp:term":[{"taxonomy":"category","embeddable":true,"href":"https:\/\/trabucoradio.com\/home\/index.php?rest_route=%2Fwp%2Fv2%2Fcategories&post=3693"},{"taxonomy":"post_tag","embeddable":true,"href":"https:\/\/trabucoradio.com\/home\/index.php?rest_route=%2Fwp%2Fv2%2Ftags&post=3693"}],"curies":[{"name":"wp","href":"https:\/\/api.w.org\/{rel}","templated":true}]}}