{"id":366,"date":"2024-05-01T15:41:35","date_gmt":"2024-05-01T21:41:35","guid":{"rendered":"https:\/\/trabucoradio.com\/home\/?p=366"},"modified":"2024-05-01T15:41:35","modified_gmt":"2024-05-01T21:41:35","slug":"si-me-dan-la-oportunidad-traere-el-cambio-verdadero-a-cardenas-rosa-maria-lopez-%f0%9f%91%87%f0%9f%94%b4","status":"publish","type":"post","link":"https:\/\/trabucoradio.com\/home\/?p=366","title":{"rendered":"S\u00cd ME DAN LA OPORTUNIDAD, TRAER\u00c9 EL CAMBIO VERDADERO A C\u00c1RDENAS: ROSA MAR\u00cdA L\u00d3PEZ \ud83d\udc47\ud83d\udd34"},"content":{"rendered":"<p>S\u00cd ME DAN LA OPORTUNIDAD, TRAER\u00c9 EL CAMBIO VERDADERO A C\u00c1RDENAS: ROSA MAR\u00cdA L\u00d3PEZ \ud83d\udc47\ud83d\udd34<\/p>\n<p>\u201cHonesta, transparente y exigente\u201d es como se describe Rosa Mar\u00eda L\u00f3pez de la Cruz, candidata a la presidencia municipal de #Ca\u0301rdenas por el Partido del Trabajo, quien afirm\u00f3 que s\u00ed este pr\u00f3ximo 02 de junio le dan la oportunidad, trabajar\u00e1 en siete ejes de propuestas para darle a la ciudad de la ca\u00f1a; paz, desarrollo y un cambio verdadero. <\/p>\n<p>Esta tarde, en el noticiero de medio d\u00eda de Trabuco-Radio, con Miguel \u00c1ngel Buitron \u00c1lvarez y Yessica Mar\u00edn Ramos, estuvo la abandera del PT a la alcald\u00eda municipal, Rosa Mar\u00eda L\u00f3pez Candidata, la cual comparti\u00f3 que los temas de salud, empleo, seguridad, cultura, deporte, medio ambiente, obras p\u00fablicas y servicios b\u00e1sicos, ser\u00e1n los puntos focales a resolver durante su administraci\u00f3n, en caso de ser la pr\u00f3xima presidenta de C\u00e1rdenas. <\/p>\n<p>Rosa Mar\u00eda, dejo ver que dentro de sus recorridos casa por casa, la aceptaci\u00f3n de la ciudadan\u00eda ha sido buena, quien ve en ella una \u201cesperanza real para C\u00e1rdenas\u201d, asegur\u00f3. <\/p>\n<p>Dijo que, gran parte de su buen recibimiento se debe a que dentro de sus promesas solo est\u00e1n propuestas que s\u00ed puede cumplir, por ello, aclar\u00f3 que pase lo que pase llegar\u00e1 hasta el final del proceso electoral, de no tener el voto de confianza de los cardenenses garantiz\u00f3 que se sumar\u00e1 a quien salga victorioso.  \ud83d\udc48\ud83d\udd34<\/p>\n","protected":false},"excerpt":{"rendered":"<p>S\u00cd ME DAN LA OPORTUNIDAD, TRAER\u00c9 EL CAMBIO VERDADERO A C\u00c1RDENAS: ROSA MAR\u00cdA L\u00d3PEZ \ud83d\udc47\ud83d\udd34 \u201cHonesta, transparente y exigente\u201d es como se describe Rosa Mar\u00eda L\u00f3pez de la Cruz, candidata a la presidencia municipal de #Ca\u0301rdenas por el Partido del Trabajo, quien afirm\u00f3 que s\u00ed este pr\u00f3ximo 02 de junio le dan la oportunidad, trabajar\u00e1 [&hellip;]<\/p>\n","protected":false},"author":1,"featured_media":367,"comment_status":"open","ping_status":"open","sticky":false,"template":"","format":"standard","meta":{"footnotes":""},"categories":[3],"tags":[],"class_list":["post-366","post","type-post","status-publish","format-standard","has-post-thumbnail","hentry","category-politica"],"_links":{"self":[{"href":"https:\/\/trabucoradio.com\/home\/index.php?rest_route=\/wp\/v2\/posts\/366","targetHints":{"allow":["GET"]}}],"collection":[{"href":"https:\/\/trabucoradio.com\/home\/index.php?rest_route=\/wp\/v2\/posts"}],"about":[{"href":"https:\/\/trabucoradio.com\/home\/index.php?rest_route=\/wp\/v2\/types\/post"}],"author":[{"embeddable":true,"href":"https:\/\/trabucoradio.com\/home\/index.php?rest_route=\/wp\/v2\/users\/1"}],"replies":[{"embeddable":true,"href":"https:\/\/trabucoradio.com\/home\/index.php?rest_route=%2Fwp%2Fv2%2Fcomments&post=366"}],"version-history":[{"count":1,"href":"https:\/\/trabucoradio.com\/home\/index.php?rest_route=\/wp\/v2\/posts\/366\/revisions"}],"predecessor-version":[{"id":368,"href":"https:\/\/trabucoradio.com\/home\/index.php?rest_route=\/wp\/v2\/posts\/366\/revisions\/368"}],"wp:featuredmedia":[{"embeddable":true,"href":"https:\/\/trabucoradio.com\/home\/index.php?rest_route=\/wp\/v2\/media\/367"}],"wp:attachment":[{"href":"https:\/\/trabucoradio.com\/home\/index.php?rest_route=%2Fwp%2Fv2%2Fmedia&parent=366"}],"wp:term":[{"taxonomy":"category","embeddable":true,"href":"https:\/\/trabucoradio.com\/home\/index.php?rest_route=%2Fwp%2Fv2%2Fcategories&post=366"},{"taxonomy":"post_tag","embeddable":true,"href":"https:\/\/trabucoradio.com\/home\/index.php?rest_route=%2Fwp%2Fv2%2Ftags&post=366"}],"curies":[{"name":"wp","href":"https:\/\/api.w.org\/{rel}","templated":true}]}}